{"id":14324,"date":"2026-01-08T12:28:08","date_gmt":"2026-01-08T11:28:08","guid":{"rendered":"https:\/\/www.maplatine.com\/blog\/?p=14324"},"modified":"2026-01-14T14:40:25","modified_gmt":"2026-01-14T13:40:25","slug":"larrivee-de-loia-sur-maplatine-com-le-mobilier-hifi-made-in-france","status":"publish","type":"post","link":"https:\/\/www.maplatine.com\/blog\/larrivee-de-loia-sur-maplatine-com-le-mobilier-hifi-made-in-france\/","title":{"rendered":"L&rsquo;arriv\u00e9e de LOIA sur maPlatine.com : Le mobilier HiFi Made in France"},"content":{"rendered":"\n<script type=\"application\/ld+json\">\n{\n  \"@context\": \"https:\/\/schema.org\",\n  \"@type\": \"Article\",\n  \"headline\": \"L'arriv\u00e9e de LOIA sur maPlatine.com : Le mobilier HiFi Made in France\",\n  \"description\": \"D\u00e9couvrez LOIA, la marque fran\u00e7aise de mobilier HiFi en acier thermolaqu\u00e9 et noyer massif. Interview exclusive de Vincent Abraham, cofondateur, et pr\u00e9sentation de la gamme compl\u00e8te.\",\n  \"image\": \"https:\/\/www.maplatine.com\/images\/loia\/loia-mobilier-hifi-made-in-france.jpg\",\n  \"author\": {\n    \"@type\": \"Organization\",\n    \"name\": \"maPlatine.com\",\n    \"url\": \"https:\/\/www.maplatine.com\"\n  },\n  \"publisher\": {\n    \"@type\": \"Organization\",\n    \"name\": \"maPlatine.com\",\n    \"logo\": {\n      \"@type\": \"ImageObject\",\n      \"url\": \"https:\/\/www.maplatine.com\/images\/logo-maplatine.png\"\n    }\n  },\n  \"datePublished\": \"2026-01-08\",\n  \"dateModified\": \"2026-01-08\",\n  \"mainEntityOfPage\": {\n    \"@type\": \"WebPage\",\n    \"@id\": \"https:\/\/www.maplatine.com\/blog\/loia-mobilier-hifi-made-in-france\"\n  },\n  \"articleSection\": \"HiFi\",\n  \"keywords\": [\"LOIA\", \"mobilier HiFi\", \"Made in France\", \"rangement vinyles\", \"platine vinyle\", \"meuble vinyle\", \"acier thermolaqu\u00e9\", \"noyer massif\", \"maPlatine\"],\n  \"wordCount\": 3200,\n  \"inLanguage\": \"fr-FR\",\n  \"about\": {\n    \"@type\": \"Brand\",\n    \"name\": \"LOIA\",\n    \"description\": \"Marque fran\u00e7aise de mobilier HiFi\"\n  },\n  \"mentions\": [\n    {\n      \"@type\": \"Person\",\n      \"name\": \"Vincent Abraham\",\n      \"jobTitle\": \"Cofondateur de LOIA\"\n    }\n  ]\n}\n<\/script>\n\n<script type=\"application\/ld+json\">\n{\n  \"@context\": \"https:\/\/schema.org\",\n  \"@type\": \"FAQPage\",\n  \"mainEntity\": [\n    {\n      \"@type\": \"Question\",\n      \"name\": \"LOIA propose-t-il du sur-mesure ?\",\n      \"acceptedAnswer\": {\n        \"@type\": \"Answer\",\n        \"text\": \"Oui, la fabrication locale permet des adaptations personnalis\u00e9es. Comptez un d\u00e9lai de 6 \u00e0 8 semaines et un surco\u00fbt li\u00e9 au travail sur-mesure.\"\n      }\n    },\n    {\n      \"@type\": \"Question\",\n      \"name\": \"Comment sont exp\u00e9di\u00e9s les meubles LOIA ?\",\n      \"acceptedAnswer\": {\n        \"@type\": \"Answer\",\n        \"text\": \"Les exp\u00e9ditions se font sur demi-palettes ou palettes, avec prise de rendez-vous. Le poids (jusqu'\u00e0 48 kg) est assum\u00e9 comme garant de qualit\u00e9 et de durabilit\u00e9.\"\n      }\n    },\n    {\n      \"@type\": \"Question\",\n      \"name\": \"Les meubles LOIA sont-ils adapt\u00e9s \u00e0 toutes les pi\u00e8ces ?\",\n      \"acceptedAnswer\": {\n        \"@type\": \"Answer\",\n        \"text\": \"LOIA privil\u00e9gie des dimensions raisonnables. Les meubles restent adapt\u00e9s pour tout type de pi\u00e8ces, y compris les salons plus restreints. Ce sont des meubles qui peuvent \u00eatre mis dans un int\u00e9rieur et plaire \u00e0 tout le monde.\"\n      }\n    },\n    {\n      \"@type\": \"Question\",\n      \"name\": \"Quels mat\u00e9riaux LOIA utilise-t-il pour ses meubles ?\",\n      \"acceptedAnswer\": {\n        \"@type\": \"Answer\",\n        \"text\": \"LOIA utilise deux mat\u00e9riaux principaux : l'acier thermolaqu\u00e9 fabriqu\u00e9 en France (Charente-Vend\u00e9e) pour les structures, et le noyer massif sourc\u00e9 au Pays Basque fran\u00e7ais et espagnol. L'acier offre densit\u00e9 et rigidit\u00e9 id\u00e9ales pour la HiFi.\"\n      }\n    },\n    {\n      \"@type\": \"Question\",\n      \"name\": \"O\u00f9 sont fabriqu\u00e9s les meubles LOIA ?\",\n      \"acceptedAnswer\": {\n        \"@type\": \"Answer\",\n        \"text\": \"Les meubles LOIA sont 100% Made in France. L'acier est fabriqu\u00e9 en Charente-Vend\u00e9e, le bois provient du Pays Basque, et l'assemblage final est r\u00e9alis\u00e9 artisanalement dans l'atelier LOIA dans le Sud-Ouest.\"\n      }\n    },\n    {\n      \"@type\": \"Question\",\n      \"name\": \"Quelle est la capacit\u00e9 de rangement des meubles LOIA ?\",\n      \"acceptedAnswer\": {\n        \"@type\": \"Answer\",\n        \"text\": \"La gamme LOIA offre diff\u00e9rentes capacit\u00e9s : le Rangement Vinyles accueille 60 disques (119\u20ac), le Digger 210 vinyles (690\u20ac), la Console Vinyles Acier 150 vinyles (750\u20ac), et le Meuble Digger jusqu'\u00e0 350 vinyles (1 350\u20ac).\"\n      }\n    }\n  ]\n}\n<\/script>\n\n<script type=\"application\/ld+json\">\n{\n  \"@context\": \"https:\/\/schema.org\",\n  \"@type\": \"FAQPage\",\n  \"mainEntity\": [\n    {\n      \"@type\": \"Question\",\n      \"name\": \"Does LOIA offer custom-made furniture?\",\n      \"acceptedAnswer\": {\n        \"@type\": \"Answer\",\n        \"text\": \"Yes, local manufacturing allows for customised adaptations. Expect a lead time of 6 to 8 weeks and an additional cost for bespoke work.\"\n      }\n    },\n    {\n      \"@type\": \"Question\",\n      \"name\": \"How are LOIA furniture pieces shipped?\",\n      \"acceptedAnswer\": {\n        \"@type\": \"Answer\",\n        \"text\": \"Shipments are made on half-pallets or pallets, with appointment scheduling. The weight (up to 48 kg) is a guarantee of quality and durability.\"\n      }\n    },\n    {\n      \"@type\": \"Question\",\n      \"name\": \"Are LOIA furniture pieces suitable for all rooms?\",\n      \"acceptedAnswer\": {\n        \"@type\": \"Answer\",\n        \"text\": \"LOIA favours reasonable dimensions. The furniture remains suitable for all types of rooms, including smaller living spaces. These pieces can fit into any interior and appeal to everyone.\"\n      }\n    },\n    {\n      \"@type\": \"Question\",\n      \"name\": \"What materials does LOIA use for its furniture?\",\n      \"acceptedAnswer\": {\n        \"@type\": \"Answer\",\n        \"text\": \"LOIA uses two main materials: thermolacquered steel made in France (Charente-Vend\u00e9e region) for structures, and solid walnut sourced from the French and Spanish Basque Country. Steel provides ideal density and rigidity for HiFi equipment.\"\n      }\n    },\n    {\n      \"@type\": \"Question\",\n      \"name\": \"Where is LOIA furniture manufactured?\",\n      \"acceptedAnswer\": {\n        \"@type\": \"Answer\",\n        \"text\": \"LOIA furniture is 100% Made in France. Steel is manufactured in Charente-Vend\u00e9e, wood comes from the Basque Country, and final assembly is done by hand in the LOIA workshop in South-West France.\"\n      }\n    },\n    {\n      \"@type\": \"Question\",\n      \"name\": \"What is the storage capacity of LOIA furniture?\",\n      \"acceptedAnswer\": {\n        \"@type\": \"Answer\",\n        \"text\": \"The LOIA range offers various capacities: the Vinyl Storage holds 60 records (\u20ac119), the Digger 210 records (\u20ac690), the Steel Vinyl Console 150 records (\u20ac750), and the Digger Cabinet up to 350 records (\u20ac1,350).\"\n      }\n    }\n  ]\n}\n<\/script>\n\n\n\n<p class=\"has-black-color has-text-color has-link-color wp-elements-2b3a71d687e6f41765b61d3db2d2a121\"><strong><em>Janvier 2026 &#8211; Par maPlatine.com<\/em><\/strong><\/p>\n\n\n\n<p style=\"font-size:18px\">Le retour du vinyle a transform\u00e9 nos int\u00e9rieurs. Exit les enceintes dissimul\u00e9es et les cha\u00eenes HiFi cach\u00e9es dans les meubles TV : aujourd&rsquo;hui, on assume son syst\u00e8me audio, on le met en valeur. C&rsquo;est pr\u00e9cis\u00e9ment cette tendance qui a inspir\u00e9 la cr\u00e9ation de LOIA, une jeune marque fran\u00e7aise de mobilier d\u00e9di\u00e9 \u00e0 la HiFi.<\/p>\n\n\n\n<p style=\"font-size:18px\">Nous avons eu la chance de rencontrer <strong>Vincent Abraham<\/strong>, cofondateur de <a href=\"https:\/\/www.maplatine.com\/fr\/193_loia\"><mark style=\"background-color:rgba(0, 0, 0, 0);color:#e72942\" class=\"has-inline-color\"><strong>LOIA<\/strong><\/mark><\/a>, qui a eu la gentillesse de nous accorder une interview. L&rsquo;occasion de comprendre la gen\u00e8se de ce projet ambitieux : proposer du mobilier technique, esth\u00e9tique et fabriqu\u00e9 localement, \u00e0 des prix accessibles.<\/p>\n\n\n\n<div style=\"height:25px\" aria-hidden=\"true\" class=\"wp-block-spacer\"><\/div>\n\n\n\n<h2 class=\"wp-block-heading has-black-color has-text-color has-link-color wp-elements-5e82c9de6063bac9ad80c313ef9a0d37\"><strong>S\u00e9lection produits LOIA par maPlatine.com<\/strong><\/h2>\n\n\n\n<figure class=\"wp-block-table is-style-stripes\"><table class=\"has-fixed-layout\"><thead><tr><td><strong>Produit<\/strong><\/td><td><strong>Type<\/strong><\/td><td><strong>Capacit\u00e9<\/strong><\/td><td><strong>Poids<\/strong><\/td><td><strong>Prix<\/strong><\/td><\/tr><\/thead><tbody><tr><td>Le Support Vinyles<\/td><td>Accessoire<\/td><td>3 vinyles<\/td><td>&#8211;<\/td><td><strong>39 \u20ac<\/strong><\/td><\/tr><tr><td>Le Rangement Vinyles<\/td><td>Accessoire<\/td><td>60 vinyles<\/td><td>2,2 kg<\/td><td><strong>119 \u20ac<\/strong><\/td><\/tr><tr><td>Le Digger<\/td><td>Bac rangement<\/td><td>210 vinyles<\/td><td>24 kg<\/td><td><strong>690 \u20ac<\/strong><\/td><\/tr><tr><td>La Console Vinyles Acier<\/td><td>Meuble<\/td><td>150 vinyles<\/td><td>34 kg<\/td><td><strong>750 \u20ac<\/strong><\/td><\/tr><tr><td>Le Meuble Digger<\/td><td>Meuble complet<\/td><td>350 vinyles<\/td><td>48 kg<\/td><td><strong>1 350 \u20ac<\/strong><\/td><\/tr><\/tbody><\/table><\/figure>\n\n\n\n<div style=\"height:50px\" aria-hidden=\"true\" class=\"wp-block-spacer\"><\/div>\n\n\n\n<h2 class=\"wp-block-heading has-black-color has-text-color has-link-color wp-elements-afbf27c0309b3508f1ef4edebccc7ef9\"><strong>Rencontre avec Vincent Abraham, cofondateur de LOIA<\/strong><\/h2>\n\n\n\n<h2 class=\"wp-block-heading has-black-color has-text-color has-link-color wp-elements-0d7aa7000eeb11d555ed9a0e89c7b4cb\" style=\"font-size:20px\"><strong>Un entrepreneur passionn\u00e9 de HiFi<\/strong><\/h2>\n\n\n\n<p style=\"font-size:18px\">Vincent Abraham est cofondateur de <a href=\"https:\/\/www.maplatine.com\/fr\/193_loia\"><mark style=\"background-color:rgba(0, 0, 0, 0);color:#e72942\" class=\"has-inline-color\"><strong>LOIA<\/strong><\/mark><\/a> et \u00e9galement \u00e0 la t\u00eate de Retrofutur, boutique sp\u00e9cialis\u00e9e dans la HiFi accessible. Il g\u00e8re la partie commerciale et financi\u00e8re de l&rsquo;aventure <a href=\"https:\/\/www.maplatine.com\/fr\/193_loia\"><mark style=\"background-color:rgba(0, 0, 0, 0);color:#e72942\" class=\"has-inline-color\"><strong>LOIA<\/strong><\/mark><\/a>, tandis que ses associ\u00e9s apportent leurs expertises compl\u00e9mentaires : Timoth\u00e9e, fondateur de Bo\u00eete Concept, con\u00e7oit des enceintes \u00e0 vocation de mobilier depuis une dizaine d&rsquo;ann\u00e9es, et Marie, designer et chef de projet, supervise la cr\u00e9ation et l&rsquo;assemblage des produits depuis les d\u00e9buts.<\/p>\n\n\n\n<p class=\"has-text-align-center has-black-color has-text-color has-background has-link-color wp-elements-1ba495a713453be6deb4df702baa2cd6\" style=\"background-color:#e82a4303;font-size:18px\"><em>\u00ab C&rsquo;est une bo\u00eete qu&rsquo;on a cr\u00e9\u00e9e il y a un peu de temps, mais qui vit vraiment depuis deux ans. On a vraiment commenc\u00e9 le projet en 2023 \u00bb, nous confie Vincent Abraham.<\/em><\/p>\n\n\n\n<div style=\"height:50px\" aria-hidden=\"true\" class=\"wp-block-spacer\"><\/div>\n\n\n\n<h2 class=\"wp-block-heading has-black-color has-text-color has-link-color wp-elements-1a89af4fbc9d64d88dfad333df48e4f5\"><strong>LOIA : La gen\u00e8se d&rsquo;un projet Made in France<\/strong><\/h2>\n\n\n\n<h3 class=\"wp-block-heading has-black-color has-text-color has-link-color wp-elements-bccbdcfc9b6fe617d25a1216b80cbf71\" style=\"font-size:20px\"><strong>Le d\u00e9clic : le retour du vinyle<\/strong><\/h3>\n\n\n\n<p style=\"font-size:18px\">L&rsquo;id\u00e9e de <a href=\"https:\/\/www.maplatine.com\/fr\/193_loia\"><mark style=\"background-color:rgba(0, 0, 0, 0);color:#e72942\" class=\"has-inline-color\"><strong>LOIA<\/strong><\/mark><\/a> est n\u00e9e d&rsquo;un constat partag\u00e9 par les trois associ\u00e9s : le retour du vinyle a profond\u00e9ment chang\u00e9 notre rapport \u00e0 la HiFi. Vincent Abraham nous explique cette \u00e9volution :<\/p>\n\n\n\n<p class=\"has-text-align-center has-black-color has-text-color has-background has-link-color wp-elements-989b16a105c2f905028032d75d35dffa\" style=\"background-color:#e82a4303;font-size:18px\"><em><em>\u00ab On a senti qu&rsquo;il y avait une vraie demande sur le mobilier pour mettre en avant sa platine vinyle. Le retour du vinyle, \u00e0 partir de 2010, a fait qu&rsquo;on a r\u00e9assum\u00e9 la HiFi. En gros, on a arr\u00eat\u00e9 de cacher les enceintes, qui \u00e9tait la grosse tendance des ann\u00e9es 2000. C&rsquo;est une vraie tendance qui a commenc\u00e9 pour moi avec le vinyle, o\u00f9 on a r\u00e9assum\u00e9 un objet. \u00bb<\/em><\/em><\/p>\n\n\n\n<figure class=\"wp-block-image size-full\"><img loading=\"lazy\" decoding=\"async\" width=\"2086\" height=\"1590\" src=\"https:\/\/www.maplatine.com\/blog\/wp-content\/uploads\/2026\/01\/LIFESTYLE-CONSOLE-HAUTE-copie.webp\" alt=\"\" class=\"wp-image-14336\" style=\"aspect-ratio:16\/9;object-fit:cover\"\/><\/figure>\n\n\n\n<p style=\"font-size:18px\">Cette observation a fait germer une ambition : cr\u00e9er du mobilier qui mette en valeur les \u00e9quipements HiFi tout en r\u00e9pondant \u00e0 des exigences techniques.<\/p>\n\n\n\n<p class=\"has-text-align-center has-black-color has-text-color has-background has-link-color wp-elements-97fe3cce9665669c0c69d75cf7b6db83\" style=\"background-color:#e82a4303;font-size:18px\"><em><em><em>\u00ab C&rsquo;\u00e9tait de se dire : est-ce qu&rsquo;on pourrait avoir du mobilier qui puisse \u00eatre sympa chez vous, technique aussi, pour pouvoir mettre son mat\u00e9riel HiFi dans de tr\u00e8s bonnes conditions ? \u00bb<\/em><\/em><\/em><\/p>\n\n\n\n<div style=\"height:50px\" aria-hidden=\"true\" class=\"wp-block-spacer\"><\/div>\n\n\n\n<h3 class=\"wp-block-heading has-black-color has-text-color has-link-color wp-elements-6061474a2045a788b7b1b1f0bc1dfd73\" style=\"font-size:20px\"><strong>L&rsquo;ancrage local comme conviction<\/strong><\/h3>\n\n\n\n<p style=\"font-size:18px\">D\u00e8s le d\u00e9part, l&rsquo;\u00e9quipe <a href=\"https:\/\/www.maplatine.com\/fr\/193_loia\"><mark style=\"background-color:rgba(0, 0, 0, 0);color:#e72942\" class=\"has-inline-color\"><strong>LOIA<\/strong><\/mark><\/a> a fait le choix d&rsquo;une fabrication fran\u00e7aise. Un engagement qui n&rsquo;allait pas de soi, comme le souligne Vincent Abraham :<\/p>\n\n\n\n<p class=\"has-text-align-center has-black-color has-text-color has-background has-link-color wp-elements-dad75addd8f333f274e3dbca50285a50\" style=\"background-color:#e82a4303;font-size:18px\"><em><em><em><em>\u00ab On voulait aussi avoir une empreinte locale, c&rsquo;est-\u00e0-dire qu&rsquo;on ne voulait pas fabriquer \u00e0 l&rsquo;autre bout du monde, alors qu&rsquo;on avait de la ressource locale. Ce n&rsquo;est pas simple aujourd&rsquo;hui, parce qu&rsquo;on ne voulait pas non plus vendre \u00e7a \u00e0 des prix exorbitants. Donc trouver, sourcer les bons fournisseurs locaux, \u00e7a a \u00e9t\u00e9 tout le travail. \u00bb<\/em><\/em><\/em><\/em><\/p>\n\n\n\n<p class=\"has-black-color has-text-color has-link-color wp-elements-5afe07c0353ff5ab630db297f22e298b\" style=\"font-size:18px\"><strong>Chronologie de LOIA<\/strong><\/p>\n\n\n\n<ul>\n<li style=\"font-size:18px\"><strong>2023 : <\/strong>Lancement du projet et premiers prototypes<\/li>\n\n\n\n<li style=\"font-size:18px\"><strong>Mai 2024 : <\/strong>Premier lancement commercial, vente directe<\/li>\n\n\n\n<li style=\"font-size:18px\"><strong>Rentr\u00e9e 2024 : <\/strong>Nouveaux mod\u00e8les et industrialisation du process<\/li>\n\n\n\n<li style=\"font-size:18px\"><strong>D\u00e9cembre 2025 : <\/strong>Arriv\u00e9e sur maPlatine.com<\/li>\n<\/ul>\n\n\n\n<figure class=\"wp-block-image size-full\"><img loading=\"lazy\" decoding=\"async\" width=\"4160\" height=\"6240\" src=\"https:\/\/www.maplatine.com\/blog\/wp-content\/uploads\/2026\/01\/Loia-studio-interview-meubles-hifi.webp\" alt=\"\" class=\"wp-image-14329\" style=\"aspect-ratio:16\/9;object-fit:cover\"\/><\/figure>\n\n\n\n<div style=\"height:50px\" aria-hidden=\"true\" class=\"wp-block-spacer\"><\/div>\n\n\n\n<h2 class=\"wp-block-heading has-black-color has-text-color has-link-color wp-elements-31e01dfb6bbe844e7d649acc88dd2ec3\"><strong>La philosophie LOIA : technique, esth\u00e9tique et accessible<\/strong><\/h2>\n\n\n\n<p style=\"font-size:18px\">L&rsquo;ambition de <a href=\"https:\/\/www.maplatine.com\/fr\/193_loia\"><mark style=\"background-color:rgba(0, 0, 0, 0);color:#e72942\" class=\"has-inline-color\"><strong>LOIA<\/strong><\/mark><\/a> tient en une \u00e9quation : proposer du mobilier HiFi fabriqu\u00e9 en France, techniquement performant et esth\u00e9tiquement minimaliste, sans atteindre des prix exorbitants. Vincent Abraham r\u00e9sume cette philosophie :<\/p>\n\n\n\n<p class=\"has-text-align-center has-background\" style=\"background-color:#e82a4303;font-size:18px\"><em><em><em><em><em>\u00ab On voulait faire du mobilier qui soit assez esth\u00e9tique pour nos go\u00fbts, minimaliste mais tr\u00e8s bien fini. On sait tr\u00e8s bien que le Made in France a souvent la r\u00e9putation d&rsquo;\u00eatre cher, mais c&rsquo;est normal. Il faut que \u00e7a reste entendable pour les clients. On est droits dans nos bottes en disant qu&rsquo;on est au juste prix par rapport \u00e0 la qualit\u00e9, au lieu de fabrication et \u00e0 ce qu&rsquo;on propose. \u00bb<\/em><\/em><\/em><\/em><\/em><\/p>\n\n\n\n<div style=\"height:50px\" aria-hidden=\"true\" class=\"wp-block-spacer\"><\/div>\n\n\n\n<h3 class=\"wp-block-heading has-black-color has-text-color has-link-color wp-elements-a9ebbff8dd8f966beae386db0d39aa82\" style=\"font-size:20px\"><strong>Les trois piliers de la marque<\/strong><\/h3>\n\n\n\n<ul>\n<li style=\"font-size:18px\"><strong>Technique : <\/strong>Structures en acier thermolaqu\u00e9 avec plis et soudures absorbant les vibrations parasites, espaces ouverts pour la dissipation thermique<\/li>\n\n\n\n<li style=\"font-size:18px\"><strong>Made in France : <\/strong>Acier fabriqu\u00e9 en France, bois sourc\u00e9 au Pays Basque, assemblage artisanal dans le Sud-Ouest<\/li>\n\n\n\n<li style=\"font-size:18px\"><strong>Design minimaliste : <\/strong>Alliance acier thermolaqu\u00e9 noir et plaques de noyer massif, lignes \u00e9pur\u00e9es<\/li>\n<\/ul>\n\n\n\n<figure class=\"wp-block-image size-full\"><img loading=\"lazy\" decoding=\"async\" width=\"6240\" height=\"4160\" src=\"https:\/\/www.maplatine.com\/blog\/wp-content\/uploads\/2026\/01\/Loia-studio-made-in-france-meubles-hifi.webp\" alt=\"\" class=\"wp-image-14338\" style=\"aspect-ratio:16\/9;object-fit:cover\"\/><\/figure>\n\n\n\n<div style=\"height:50px\" aria-hidden=\"true\" class=\"wp-block-spacer\"><\/div>\n\n\n\n<h2 class=\"wp-block-heading has-black-color has-text-color has-link-color wp-elements-b8f97446c62b1a8153661f740b9d444a\"><strong>Fabrication fran\u00e7aise : de l&rsquo;acier au noyer<\/strong><\/h2>\n\n\n\n<h3 class=\"wp-block-heading has-black-color has-text-color has-link-color wp-elements-a4505b8b08ac1843cdde43bdf2028a63\" style=\"font-size:20px\"><strong>Une cha\u00eene de production 100% locale<\/strong><\/h3>\n\n\n\n<p style=\"font-size:18px\"><a href=\"https:\/\/www.maplatine.com\/fr\/193_loia\"><mark style=\"background-color:rgba(0, 0, 0, 0);color:#e72942\" class=\"has-inline-color\"><strong>LOIA<\/strong><\/mark><\/a> a structur\u00e9 sa production autour de deux mat\u00e9riaux principaux : l&rsquo;acier thermolaqu\u00e9 et le noyer massif. Vincent Abraham nous d\u00e9taille cette organisation :<\/p>\n\n\n\n<p class=\"has-text-align-center has-black-color has-text-color has-background has-link-color wp-elements-e8c4c37e6ec57556b55ac2d69b761c5a\" style=\"background-color:#e82a4303;font-size:18px\"><em><em><em><em><em><em>\u00ab On a deux mat\u00e9riaux principaux sur nos produits : l&rsquo;acier et le bois. L&rsquo;acier, il est fabriqu\u00e9 en France, avec des partenaires en France qui nous font les structures. Charente-Vend\u00e9e a toujours eu un bon bassin autour de l&rsquo;acier, des fournisseurs qu&rsquo;on conna\u00eet historiquement avec Bo\u00eete Concept. \u00bb<\/em><\/em><\/em><\/em><\/em><\/em><\/p>\n\n\n\n<p style=\"font-size:18px\">Pour le bois, l&rsquo;\u00e9quipe a tiss\u00e9 des liens avec le Pays Basque :<\/p>\n\n\n\n<p class=\"has-text-align-center has-black-color has-text-color has-background has-link-color wp-elements-156f2d2fd80a027eaca65dc6c1360632\" style=\"background-color:#e82a4303;font-size:18px\"><em><em><em><em><em><em><em>\u00ab Avec le bois, on travaille beaucoup avec le Pays Basque espagnol et le Pays Basque fran\u00e7ais, avec notre implantation dans le Sud-Ouest. Eux travaillent toutes les pi\u00e8ces en bois, et nous, on vient assembler les pi\u00e8ces de bois sur l&rsquo;acier. On va m\u00eame plus loin : on a les plaques de bois, on les coupe et on les monte sur nos meubles. \u00bb<\/em><\/em><\/em><\/em><\/em><\/em><\/em><\/p>\n\n\n\n<div style=\"height:50px\" aria-hidden=\"true\" class=\"wp-block-spacer\"><\/div>\n\n\n\n<figure class=\"wp-block-image size-full\"><img loading=\"lazy\" decoding=\"async\" width=\"1280\" height=\"1536\" src=\"https:\/\/www.maplatine.com\/blog\/wp-content\/uploads\/2026\/01\/LE_TOTEM_VINYLES_6.webp\" alt=\"\" class=\"wp-image-14346\" style=\"aspect-ratio:16\/9;object-fit:cover\"\/><\/figure>\n\n\n\n<h3 class=\"wp-block-heading has-black-color has-text-color has-link-color wp-elements-06d26302097cb2b661bd17f7c8d4cd4a\" style=\"font-size:20px\"><strong>L&rsquo;acier thermolaqu\u00e9 : densit\u00e9 et rigidit\u00e9<\/strong><\/h3>\n\n\n\n<p style=\"font-size:18px\">Le choix de l&rsquo;acier n&rsquo;est pas anodin. C&rsquo;est un mat\u00e9riau particuli\u00e8rement adapt\u00e9 aux contraintes de la HiFi, comme l&rsquo;explique Vincent Abraham :<\/p>\n\n\n\n<p class=\"has-text-align-center has-black-color has-text-color has-background has-link-color wp-elements-b0d5e9ac601a06d4640f9217a0ff6ab9\" style=\"background-color:#e82a4303;font-size:18px\"><em><em><em><em><em><em><em><em>\u00ab L&rsquo;acier, c&rsquo;est un mat\u00e9riau qui est tr\u00e8s dense et qui permet d&rsquo;avoir des structures qui soient tr\u00e8s rigides. Donc effectivement, pour le son, c&rsquo;est id\u00e9al. Et il s&rsquo;associe aussi bien avec le bois. On a trouv\u00e9 cette solution qui nous permet de faire de la fabrication fran\u00e7aise et d&rsquo;avoir des choses qui, techniquement, fonctionnent bien. \u00bb<\/em><\/em><\/em><\/em><\/em><\/em><\/em><\/em><\/p>\n\n\n\n<p style=\"font-size:18px\">Cette densit\u00e9 se traduit par des poids cons\u00e9quents : la Console Vinyles Acier p\u00e8se 34 kg, le Meuble Digger atteint 48 kg. Cette masse garantit une stabilit\u00e9 parfaite pour votre platine et votre \u00e9lectronique.<\/p>\n\n\n\n<figure class=\"wp-block-image size-full\"><img loading=\"lazy\" decoding=\"async\" width=\"5702\" height=\"3800\" src=\"https:\/\/www.maplatine.com\/blog\/wp-content\/uploads\/2026\/01\/Loia-studio-made-in-france-acier-thermolaque-meubles-hifi.webp\" alt=\"\" class=\"wp-image-14348\" style=\"aspect-ratio:16\/9;object-fit:cover\"\/><\/figure>\n\n\n\n<div style=\"height:50px\" aria-hidden=\"true\" class=\"wp-block-spacer\"><\/div>\n\n\n\n<h3 class=\"wp-block-heading has-black-color has-text-color has-link-color wp-elements-877864bc5d366955c2d27d84ba9f516d\" style=\"font-size:20px\"><strong>Un assemblage artisanal<\/strong><\/h3>\n\n\n\n<p style=\"font-size:18px\">Tous les produits sont assembl\u00e9s dans l&rsquo;atelier <a href=\"https:\/\/www.maplatine.com\/fr\/193_loia\"><mark style=\"background-color:rgba(0, 0, 0, 0);color:#e72942\" class=\"has-inline-color\"><strong>LOIA<\/strong><\/mark><\/a>, dans le Sud-Ouest. Vincent Abraham insiste sur cette dimension artisanale :<\/p>\n\n\n\n<p class=\"has-text-align-center has-black-color has-text-color has-background has-link-color wp-elements-35dabffc83bdac4a8403059415a26b7c\" style=\"background-color:#e82a4303;font-size:18px\"><em><em><em><em><em><em><em><em><em>\u00ab Toute la mati\u00e8re grise est faite ici. Tout le prototypage est fait ici. Apr\u00e8s, l&rsquo;acier, c&rsquo;est vraiment du gros process industriel, on ne pourra jamais le faire ici. Mais nous, on vient assembler les plaques de bois, on vient tout finaliser, packager, assembler ici. \u00bb<\/em><\/em><\/em><\/em><\/em><\/em><\/em><\/em><\/em><\/p>\n\n\n\n<figure class=\"wp-block-image size-full\"><img loading=\"lazy\" decoding=\"async\" width=\"2944\" height=\"4416\" src=\"https:\/\/www.maplatine.com\/blog\/wp-content\/uploads\/2026\/01\/Loia-studio-interview-vincent-abraham-meubles-hifi-1.webp\" alt=\"\" class=\"wp-image-14340\" style=\"aspect-ratio:16\/9;object-fit:cover\"\/><\/figure>\n\n\n\n<div style=\"height:50px\" aria-hidden=\"true\" class=\"wp-block-spacer\"><\/div>\n\n\n\n<h3 class=\"wp-block-heading has-black-color has-text-color has-link-color wp-elements-36bff11ed21606b17de524bef3024d6c\" style=\"font-size:20px\"><strong>Les avantages de la fabrication locale<\/strong><\/h3>\n\n\n\n<p style=\"font-size:18px\">Au-del\u00e0 de l&rsquo;engagement \u00e9thique, la fabrication locale offre des avantages concrets. Vincent Abraham en t\u00e9moigne :<\/p>\n\n\n\n<p class=\"has-text-align-center has-black-color has-text-color has-background has-link-color wp-elements-7bec0c19ceaecd71bae634bf66f59521\" style=\"background-color:#e82a4303;font-size:18px\"><em><em><em><em><em><em><em><em><em><em>\u00ab Je pense qu&rsquo;on oublie aussi le fait d&rsquo;avoir toujours des \u00e9changes tr\u00e8s faciles avec les fournisseurs, instantan\u00e9s, plus directs. On peut y aller, on peut voir. On peut \u00e9galement travailler sur des s\u00e9ries qui peuvent \u00eatre un peu plus petites. Il y a des bienfaits \u00e0 la fabrication locale parce qu&rsquo;on peut s&rsquo;\u00e9changer des choses et \u00e7a peut aller vite sur les productions. \u00bb<\/em><\/em><\/em><\/em><\/em><\/em><\/em><\/em><\/em><\/em><\/p>\n\n\n\n<ul>\n<li style=\"font-size:18px\"><strong>R\u00e9activit\u00e9 : <\/strong>\u00c9changes instantan\u00e9s avec les fournisseurs, ajustements rapides<\/li>\n\n\n\n<li style=\"font-size:18px\"><strong>Sur-mesure possible : <\/strong>D\u00e9lai de 6 \u00e0 8 semaines pour une pi\u00e8ce personnalis\u00e9e<\/li>\n\n\n\n<li style=\"font-size:18px\"><strong>Qualit\u00e9 contr\u00f4l\u00e9e : <\/strong>Possibilit\u00e9 de visiter les ateliers et suivre la production<\/li>\n\n\n\n<li style=\"font-size:18px\"><strong>Petites s\u00e9ries : <\/strong>Environ 30 pi\u00e8ces par mod\u00e8le, garantissant attention aux d\u00e9tails<\/li>\n<\/ul>\n\n\n\n<figure class=\"wp-block-image size-full\"><img loading=\"lazy\" decoding=\"async\" width=\"2858\" height=\"4287\" src=\"https:\/\/www.maplatine.com\/blog\/wp-content\/uploads\/2026\/01\/Loia-studio-made-in-france-controle-qualite-meubles-hifi.webp\" alt=\"\" class=\"wp-image-14350\" style=\"aspect-ratio:16\/9;object-fit:cover\"\/><\/figure>\n\n\n\n<div style=\"height:50px\" aria-hidden=\"true\" class=\"wp-block-spacer\"><\/div>\n\n\n\n<h2 class=\"wp-block-heading has-black-color has-text-color has-link-color wp-elements-2358d6c553c5c2218ee12de469beada8\"><strong>La gamme LOIA : des accessoires aux meubles complets<\/strong><\/h2>\n\n\n\n<h2 class=\"wp-block-heading has-black-color has-text-color has-link-color wp-elements-0a336d0b1462fb62d4fa2bf3c247f669\"><strong>Les accessoires : simplicit\u00e9 et efficacit\u00e9<\/strong><\/h2>\n\n\n\n<h3 class=\"wp-block-heading has-black-color has-text-color has-link-color wp-elements-ee2c4ccac7eff1aaab391248cc8ef4b4\" style=\"font-size:20px\"><strong>Le Support Vinyles \u2013 39 \u20ac<\/strong><\/h3>\n\n\n\n<p style=\"font-size:18px\">Compact et polyvalent, ce support en acier laqu\u00e9 permet d&rsquo;exposer jusqu&rsquo;\u00e0 3 vinyles. Positionn\u00e9 sur un meuble ou fix\u00e9 au mur gr\u00e2ce aux deux emplacements pr\u00e9vus \u00e0 l&rsquo;arri\u00e8re, il met en valeur vos disques pr\u00e9f\u00e9r\u00e9s ou en cours d&rsquo;\u00e9coute. Vincent Abraham nous raconte comment certains clients se le sont appropri\u00e9 :<\/p>\n\n\n\n<p class=\"has-text-align-center has-black-color has-text-color has-background has-link-color wp-elements-24788f93fc6d7df950adad332bb83da3\" style=\"background-color:#e82a4303;font-size:18px\"><em><em><em><em><em><em><em><em><em><em><em>\u00ab On a m\u00eame des gens qui ont fait des patchworks avec neuf supports comme \u00e7a. \u00c7a permet d&rsquo;avoir ses neuf vinyles un peu styl\u00e9s. C&rsquo;\u00e9tait une id\u00e9e assez chouette ! \u00bb<\/em><\/em><\/em><\/em><\/em><\/em><\/em><\/em><\/em><\/em><\/em><\/p>\n\n\n\n<p class=\"has-black-color has-text-color has-link-color wp-elements-93644dce586cbba217de275218bf7b06\" style=\"font-size:18px\"><strong>Caract\u00e9ristiques :<\/strong><\/p>\n\n\n\n<ul>\n<li style=\"font-size:18px\">Capacit\u00e9 : jusqu&rsquo;\u00e0 3 vinyles<\/li>\n\n\n\n<li style=\"font-size:18px\">Fixation murale possible<\/li>\n\n\n\n<li style=\"font-size:18px\">Compatible avec les meubles d&rsquo;\u00e9paisseur \u2264 16 mm<\/li>\n\n\n\n<li style=\"font-size:18px\">Fabrication artisanale fran\u00e7aise<\/li>\n<\/ul>\n\n\n\n<div class=\"wp-block-columns is-layout-flex wp-container-core-columns-is-layout-1 wp-block-columns-is-layout-flex\">\n<div class=\"wp-block-column is-layout-flow wp-block-column-is-layout-flow\">\n<figure class=\"wp-block-image size-full\"><img loading=\"lazy\" decoding=\"async\" width=\"1280\" height=\"1536\" src=\"https:\/\/www.maplatine.com\/blog\/wp-content\/uploads\/2026\/01\/LE_SUPPORT_NOIR_6.webp\" alt=\"\" class=\"wp-image-14352\" style=\"aspect-ratio:3\/4;object-fit:cover\"\/><\/figure>\n<\/div>\n\n\n\n<div class=\"wp-block-column is-layout-flow wp-block-column-is-layout-flow\">\n<figure class=\"wp-block-image size-full\"><img loading=\"lazy\" decoding=\"async\" width=\"1280\" height=\"1536\" src=\"https:\/\/www.maplatine.com\/blog\/wp-content\/uploads\/2026\/01\/LE_SUPPORT_TAUPE_1.webp\" alt=\"\" class=\"wp-image-14356\" style=\"aspect-ratio:3\/4;object-fit:cover\"\/><\/figure>\n<\/div>\n\n\n\n<div class=\"wp-block-column is-layout-flow wp-block-column-is-layout-flow\">\n<figure class=\"wp-block-image size-full\"><img loading=\"lazy\" decoding=\"async\" width=\"1860\" height=\"2232\" src=\"https:\/\/www.maplatine.com\/blog\/wp-content\/uploads\/2026\/01\/LE_SUPPORT_NOIR_7.webp\" alt=\"\" class=\"wp-image-14354\" style=\"aspect-ratio:3\/4;object-fit:cover\"\/><\/figure>\n<\/div>\n<\/div>\n\n\n\n<div class=\"wp-block-buttons is-layout-flex wp-block-buttons-is-layout-flex\">\n<div class=\"wp-block-button has-custom-width wp-block-button__width-100\"><a class=\"wp-block-button__link has-white-color has-text-color has-background has-link-color wp-element-button\" href=\"https:\/\/www.maplatine.com\/fr\/supports-muraux-pour-platines-vinyles\/6224-le-support-vinyles-loia.html\" style=\"background-color:#e72942\" target=\"_blank\" rel=\"noreferrer noopener\">D\u00e9couvrir le Support Vinyles <\/a><\/div>\n<\/div>\n\n\n\n<div style=\"height:50px\" aria-hidden=\"true\" class=\"wp-block-spacer\"><\/div>\n\n\n\n<h3 class=\"wp-block-heading has-black-color has-text-color has-link-color wp-elements-60aebcc10b542684b861ac567cad4415\" style=\"font-size:20px\"><strong>Le Rangement Vinyles \u2013 119 \u20ac<\/strong><\/h3>\n\n\n\n<p style=\"font-size:18px\">Ce rangement minimaliste associe deux tasseaux de noyer massif \u00e0 des plaques d&rsquo;acier thermolaqu\u00e9. La m\u00e9canique est remarquable, comme le souligne Vincent Abraham :<\/p>\n\n\n\n<p class=\"has-text-align-center has-background\" style=\"background-color:#e82a4303;font-size:18px\"><em><em><em><em><em><em><em><em><em><em><em><em>\u00ab Franchement, la m\u00e9canique est fantastique sur ce produit. Vous pouvez mettre 60 vinyles et renverser vos 60 vinyles sur une plaque ou l&rsquo;autre : le produit ne bougera pas. C&rsquo;est simple, mais une m\u00e9canique ultra efficace avec un design qu&rsquo;on aime bien et des produits sourc\u00e9s localement. \u00c7a, c&rsquo;est vraiment quelque chose qui nous correspond tr\u00e8s bien. \u00bb<\/em><\/em><\/em><\/em><\/em><\/em><\/em><\/em><\/em><\/em><\/em><\/em><\/p>\n\n\n\n<p class=\"has-black-color has-text-color has-link-color wp-elements-9050e1916df83bbcf7bcc0a8cb555299\"><strong>Caract\u00e9ristiques :<\/strong><\/p>\n\n\n\n<ul>\n<li style=\"font-size:18px\">Capacit\u00e9 : 60 vinyles<\/li>\n\n\n\n<li style=\"font-size:18px\">Mat\u00e9riaux : acier thermolaqu\u00e9 \/ noyer massif<\/li>\n\n\n\n<li style=\"font-size:18px\">Poids : 2,2 kg<\/li>\n\n\n\n<li style=\"font-size:18px\">Fabriqu\u00e9 en France et en Espagne<\/li>\n<\/ul>\n\n\n\n<div class=\"wp-block-columns is-layout-flex wp-container-core-columns-is-layout-2 wp-block-columns-is-layout-flex\">\n<div class=\"wp-block-column is-layout-flow wp-block-column-is-layout-flow\">\n<figure class=\"wp-block-image size-full\"><img loading=\"lazy\" decoding=\"async\" width=\"1280\" height=\"1536\" src=\"https:\/\/www.maplatine.com\/blog\/wp-content\/uploads\/2026\/01\/LE_RANGEMENT_TAUPE_7.webp\" alt=\"\" class=\"wp-image-14360\" style=\"aspect-ratio:3\/4;object-fit:cover\"\/><\/figure>\n<\/div>\n\n\n\n<div class=\"wp-block-column is-layout-flow wp-block-column-is-layout-flow\">\n<figure class=\"wp-block-image size-full\"><img loading=\"lazy\" decoding=\"async\" width=\"1860\" height=\"2232\" src=\"https:\/\/www.maplatine.com\/blog\/wp-content\/uploads\/2026\/01\/LE_RANGEMENT_TAUPE_2.webp\" alt=\"\" class=\"wp-image-14358\" style=\"aspect-ratio:3\/4;object-fit:cover\"\/><\/figure>\n<\/div>\n\n\n\n<div class=\"wp-block-column is-layout-flow wp-block-column-is-layout-flow\">\n<figure class=\"wp-block-image size-full\"><img loading=\"lazy\" decoding=\"async\" width=\"1540\" height=\"1848\" src=\"https:\/\/www.maplatine.com\/blog\/wp-content\/uploads\/2026\/01\/LE_RANGEMENT_TAUPE_8.webp\" alt=\"\" class=\"wp-image-14362\" style=\"aspect-ratio:3\/4;object-fit:cover\"\/><\/figure>\n<\/div>\n<\/div>\n\n\n\n<div class=\"wp-block-buttons is-layout-flex wp-block-buttons-is-layout-flex\">\n<div class=\"wp-block-button has-custom-width wp-block-button__width-100\"><a class=\"wp-block-button__link has-white-color has-text-color has-background has-link-color wp-element-button\" href=\"https:\/\/www.maplatine.com\/fr\/meubles-hi-fi-\/6223-le-rangement-vinyles-loia.html\" style=\"background-color:#e72942\" target=\"_blank\" rel=\"noreferrer noopener\">D\u00e9couvrir le Rangement Vinyles <\/a><\/div>\n<\/div>\n\n\n\n<div style=\"height:50px\" aria-hidden=\"true\" class=\"wp-block-spacer\"><\/div>\n\n\n\n<h2 class=\"wp-block-heading has-black-color has-text-color has-link-color wp-elements-43e6288a9900db56fa02fd5954705499\"><strong>Le mobilier : des solutions pour chaque collection<\/strong><\/h2>\n\n\n\n<h3 class=\"wp-block-heading has-black-color has-text-color has-link-color wp-elements-a5240bb75cb263425dd60c2d8edc9247\" style=\"font-size:20px\"><strong>Le Digger \u2013 690 \u20ac<\/strong><\/h3>\n\n\n\n<p style=\"font-size:18px\">Le Digger est un bac de rangement vinyles ultra-stable et fonctionnel. Sa structure robuste en acier thermolaqu\u00e9 est compl\u00e9t\u00e9e par des plaques en noyer massif. Les deux casiers de rangement peuvent accueillir jusqu&rsquo;\u00e0 210 vinyles, avec la possibilit\u00e9 de feuilleter sa collection comme chez le disquaire.<\/p>\n\n\n\n<p style=\"font-size:18px\">Vincent Abraham insiste sur la robustesse de la structure :<\/p>\n\n\n\n<p class=\"has-text-align-center has-black-color has-text-color has-background has-link-color wp-elements-0aa49ab8e87b5e443c258a92d4064274\" style=\"background-color:#e82a4303;font-size:18px\"><em><em><em><em><em><em><em><em><em><em><em><em><em>\u00ab Vous pouvez renverser les 100 vinyles qu&rsquo;il y a sur le dessus : le pied ne bougera pas du tout. C&rsquo;est la force d&rsquo;avoir des mat\u00e9riaux robustes et solides, notamment l&rsquo;acier. \u00bb<\/em><\/em><\/em><\/em><\/em><\/em><\/em><\/em><\/em><\/em><\/em><\/em><\/em><\/p>\n\n\n\n<p class=\"has-black-color has-text-color has-link-color wp-elements-93644dce586cbba217de275218bf7b06\" style=\"font-size:18px\"><strong>Caract\u00e9ristiques :<\/strong><\/p>\n\n\n\n<ul>\n<li style=\"font-size:18px\">Capacit\u00e9 : 210 vinyles<\/li>\n\n\n\n<li style=\"font-size:18px\">Mat\u00e9riaux : acier thermolaqu\u00e9 \/ noyer massif<\/li>\n\n\n\n<li style=\"font-size:18px\">Poids : 24 kg<\/li>\n\n\n\n<li style=\"font-size:18px\">Fabriqu\u00e9 en France<\/li>\n<\/ul>\n\n\n\n<div class=\"wp-block-columns is-layout-flex wp-container-core-columns-is-layout-3 wp-block-columns-is-layout-flex\">\n<div class=\"wp-block-column is-layout-flow wp-block-column-is-layout-flow\">\n<figure class=\"wp-block-image size-full\"><img loading=\"lazy\" decoding=\"async\" width=\"2987\" height=\"3573\" src=\"https:\/\/www.maplatine.com\/blog\/wp-content\/uploads\/2026\/01\/le_digger_vinyles_noir_loia_setup.webp\" alt=\"\" class=\"wp-image-14366\" style=\"aspect-ratio:3\/4;object-fit:cover\"\/><\/figure>\n<\/div>\n\n\n\n<div class=\"wp-block-column is-layout-flow wp-block-column-is-layout-flow\">\n<figure class=\"wp-block-image size-full\"><img loading=\"lazy\" decoding=\"async\" width=\"2987\" height=\"3573\" src=\"https:\/\/www.maplatine.com\/blog\/wp-content\/uploads\/2026\/01\/le_digger_vinyles_blanc_loia_setup-copie.webp\" alt=\"\" class=\"wp-image-14368\" style=\"aspect-ratio:3\/4;object-fit:cover\"\/><\/figure>\n<\/div>\n<\/div>\n\n\n\n<div class=\"wp-block-buttons is-layout-flex wp-block-buttons-is-layout-flex\">\n<div class=\"wp-block-button has-custom-width wp-block-button__width-100\"><a class=\"wp-block-button__link has-white-color has-text-color has-background has-link-color wp-element-button\" href=\"https:\/\/www.maplatine.com\/fr\/meubles-hi-fi-\/6221-bac-de-rangement-le-digger-loia.html\" style=\"background-color:#e72942\" target=\"_blank\" rel=\"noreferrer noopener\">D\u00e9couvrir le Digger<\/a><\/div>\n<\/div>\n\n\n\n<div style=\"height:50px\" aria-hidden=\"true\" class=\"wp-block-spacer\"><\/div>\n\n\n\n<h3 class=\"wp-block-heading has-black-color has-text-color has-link-color wp-elements-b4e8adc390ef96ae8782fa100cceb2e2\" style=\"font-size:20px\"><strong>La Console Vinyles Acier \u2013 750 \u20ac<\/strong><\/h3>\n\n\n\n<p style=\"font-size:18px\">Fabriqu\u00e9e int\u00e9gralement en France, la Console Vinyles Acier repose sur une structure en acier thermolaqu\u00e9 de plus de 30 kg. Ses plis et soudures absorbent les vibrations parasites et assurent la stabilit\u00e9 optimale de tous vos \u00e9quipements HiFi. Elle accueille platine et \u00e9lectronique sur le dessus, avec deux \u00e9tag\u00e8res pour vos appareils. Le casier de rangement inf\u00e9rieur peut recevoir jusqu&rsquo;\u00e0 150 vinyles.<\/p>\n\n\n\n<p style=\"font-size:18px\">Pour Vincent Abraham, ce produit incarne parfaitement l&rsquo;ambition <a href=\"https:\/\/www.maplatine.com\/fr\/193_loia\"><mark style=\"background-color:rgba(0, 0, 0, 0);color:#e72942\" class=\"has-inline-color\"><strong>LOIA<\/strong><\/mark><\/a> :<\/p>\n\n\n\n<p class=\"has-text-align-center has-black-color has-text-color has-background has-link-color wp-elements-9e1b5eab98500d677202594d26e68333\" style=\"background-color:#e82a4303;font-size:18px\"><em><em><em><em><em><em><em><em><em><em><em><em><em><em>\u00ab Ce qui \u00e9tait int\u00e9ressant, c&rsquo;est de pouvoir rendre un produit Made in France accessible \u00e0 750 euros. C&rsquo;est assez simple, mais \u00e7a fonctionne. \u00bb<\/em><\/em><\/em><\/em><\/em><\/em><\/em><\/em><\/em><\/em><\/em><\/em><\/em><\/em><\/p>\n\n\n\n<p class=\"has-black-color has-text-color has-link-color wp-elements-93644dce586cbba217de275218bf7b06\" style=\"font-size:18px\"><strong>Caract\u00e9ristiques :<\/strong><\/p>\n\n\n\n<ul>\n<li style=\"font-size:18px\">Capacit\u00e9 : 150 vinyles<\/li>\n\n\n\n<li style=\"font-size:18px\">Mat\u00e9riau : acier thermolaqu\u00e9<\/li>\n\n\n\n<li style=\"font-size:18px\">Poids : 34 kg<\/li>\n\n\n\n<li style=\"font-size:18px\">Fabriqu\u00e9 en France<\/li>\n<\/ul>\n\n\n\n<div class=\"wp-block-columns is-layout-flex wp-container-core-columns-is-layout-4 wp-block-columns-is-layout-flex\">\n<div class=\"wp-block-column is-layout-flow wp-block-column-is-layout-flow\">\n<figure class=\"wp-block-image size-full\"><img loading=\"lazy\" decoding=\"async\" width=\"1860\" height=\"2232\" src=\"https:\/\/www.maplatine.com\/blog\/wp-content\/uploads\/2026\/01\/LA_CONSOLE_TAUPE_3.webp\" alt=\"\" class=\"wp-image-14378\" style=\"aspect-ratio:3\/4;object-fit:cover\"\/><\/figure>\n<\/div>\n\n\n\n<div class=\"wp-block-column is-layout-flow wp-block-column-is-layout-flow\">\n<figure class=\"wp-block-image size-full\"><img loading=\"lazy\" decoding=\"async\" width=\"1540\" height=\"1848\" src=\"https:\/\/www.maplatine.com\/blog\/wp-content\/uploads\/2026\/01\/LA_CONSOLE_TAUPE_5-1.webp\" alt=\"\" class=\"wp-image-14382\" style=\"aspect-ratio:3\/4;object-fit:cover\"\/><\/figure>\n<\/div>\n\n\n\n<div class=\"wp-block-column is-layout-flow wp-block-column-is-layout-flow\">\n<figure class=\"wp-block-image size-full\"><img loading=\"lazy\" decoding=\"async\" width=\"1860\" height=\"2232\" src=\"https:\/\/www.maplatine.com\/blog\/wp-content\/uploads\/2026\/01\/LE_SETUP_TAUPE_1-1.webp\" alt=\"\" class=\"wp-image-14384\" style=\"aspect-ratio:3\/4;object-fit:cover\"\/><\/figure>\n<\/div>\n<\/div>\n\n\n\n<div class=\"wp-block-buttons is-layout-flex wp-block-buttons-is-layout-flex\">\n<div class=\"wp-block-button has-custom-width wp-block-button__width-100\"><a class=\"wp-block-button__link has-background wp-element-button\" href=\"https:\/\/www.maplatine.com\/fr\/meubles-hi-fi-\/6222-la-console-vinyles-acier-loia.html\" style=\"background-color:#e72942\" target=\"_blank\" rel=\"noreferrer noopener\">D\u00e9couvrir la Console Vinyles Acier<\/a><\/div>\n<\/div>\n\n\n\n<div style=\"height:50px\" aria-hidden=\"true\" class=\"wp-block-spacer\"><\/div>\n\n\n\n<h3 class=\"wp-block-heading has-black-color has-text-color has-link-color wp-elements-b81308903ca80e8b208c1672f3087188\" style=\"font-size:20px\"><strong>Le Meuble Digger \u2013 1 350 \u20ac<\/strong><\/h3>\n\n\n\n<p style=\"font-size:18px\">Le Meuble Digger repr\u00e9sente la solution compl\u00e8te pour les collectionneurs. Fabriqu\u00e9 en France, il repose sur une structure en acier thermolaqu\u00e9 agr\u00e9ment\u00e9e de plaques en noyer. Ses plis et soudures absorbent les vibrations parasites et assurent la stabilit\u00e9 optimale de tous vos \u00e9quipements HiFi. Le bac de rangement sup\u00e9rieur, inspir\u00e9 du mod\u00e8le Digger, peut accueillir jusqu&rsquo;\u00e0 110 vinyles. Les casiers inf\u00e9rieurs peuvent recevoir jusqu&rsquo;\u00e0 240 vinyles suppl\u00e9mentaires.<\/p>\n\n\n\n<p style=\"font-size:18px\">Vincent Abraham explique la logique de conception :<\/p>\n\n\n\n<p class=\"has-text-align-center has-black-color has-text-color has-background has-link-color wp-elements-693897b3c12eb246bde20476c36bb2ae\" style=\"background-color:#e82a4303;font-size:18px\"><em><em><em><em><em><em><em><em><em><em><em><em><em><em><em>\u00ab Si tu regardes bien la Console Acier et le Digger, si on les assemble un petit peu, \u00e7a fait le Meuble Digger. C&rsquo;est pour des personnes qui veulent structurer avec platine, \u00e9lectronique, plus une collection jusqu&rsquo;\u00e0 300 vinyles. \u00bb<\/em><\/em><\/em><\/em><\/em><\/em><\/em><\/em><\/em><\/em><\/em><\/em><\/em><\/em><\/em><\/p>\n\n\n\n<p class=\"has-black-color has-text-color has-link-color wp-elements-93644dce586cbba217de275218bf7b06\" style=\"font-size:18px\"><strong>Caract\u00e9ristiques :<\/strong><\/p>\n\n\n\n<ul>\n<li style=\"font-size:18px\">Capacit\u00e9 totale : 350 vinyles<\/li>\n\n\n\n<li style=\"font-size:18px\">Mat\u00e9riaux : acier thermolaqu\u00e9 \/ noyer massif<\/li>\n\n\n\n<li style=\"font-size:18px\">Poids : 48 kg<\/li>\n\n\n\n<li style=\"font-size:18px\">Fabriqu\u00e9 en France<\/li>\n<\/ul>\n\n\n\n<div class=\"wp-block-columns is-layout-flex wp-container-core-columns-is-layout-5 wp-block-columns-is-layout-flex\">\n<div class=\"wp-block-column is-layout-flow wp-block-column-is-layout-flow\">\n<figure class=\"wp-block-image size-full\"><img loading=\"lazy\" decoding=\"async\" width=\"2987\" height=\"4194\" src=\"https:\/\/www.maplatine.com\/blog\/wp-content\/uploads\/2026\/01\/le_meuble_digger_vinyles_noir_loia_setup.webp\" alt=\"\" class=\"wp-image-14386\" style=\"aspect-ratio:3\/4;object-fit:cover\"\/><\/figure>\n<\/div>\n\n\n\n<div class=\"wp-block-column is-layout-flow wp-block-column-is-layout-flow\">\n<figure class=\"wp-block-image size-full\"><img loading=\"lazy\" decoding=\"async\" width=\"2987\" height=\"4480\" src=\"https:\/\/www.maplatine.com\/blog\/wp-content\/uploads\/2026\/01\/details_hifi_vinyles_loia_mobilier-1.webp\" alt=\"\" class=\"wp-image-14390\" style=\"aspect-ratio:3\/4;object-fit:cover\"\/><\/figure>\n<\/div>\n\n\n\n<div class=\"wp-block-column is-layout-flow wp-block-column-is-layout-flow\">\n<figure class=\"wp-block-image size-full\"><img loading=\"lazy\" decoding=\"async\" width=\"2987\" height=\"4047\" src=\"https:\/\/www.maplatine.com\/blog\/wp-content\/uploads\/2026\/01\/le_meuble_digger_vinyles_noir_loia_setup_face.webp\" alt=\"\" class=\"wp-image-14388\" style=\"aspect-ratio:3\/4;object-fit:cover\"\/><\/figure>\n<\/div>\n<\/div>\n\n\n\n<div class=\"wp-block-buttons is-layout-flex wp-block-buttons-is-layout-flex\">\n<div class=\"wp-block-button has-custom-width wp-block-button__width-100\"><a class=\"wp-block-button__link has-white-color has-text-color has-background has-link-color wp-element-button\" href=\"https:\/\/www.maplatine.com\/fr\/meubles-hi-fi-\/6220-le-meuble-digger-loia.html\" style=\"background-color:#e72942\" target=\"_blank\" rel=\"noreferrer noopener\">D\u00e9couvrir le Meuble Digger<\/a><\/div>\n<\/div>\n\n\n\n<div style=\"height:50px\" aria-hidden=\"true\" class=\"wp-block-spacer\"><\/div>\n\n\n\n<div style=\"height:50px\" aria-hidden=\"true\" class=\"wp-block-spacer\"><\/div>\n\n\n\n<h2 class=\"wp-block-heading has-black-color has-text-color has-link-color wp-elements-1e96a0def296d3cfe0b1732432f9a5af\"><strong>Qualit\u00e9 de fabrication et \u00e9volutions<\/strong><\/h2>\n\n\n\n<h3 class=\"wp-block-heading has-black-color has-text-color has-link-color wp-elements-3091c5f6baa168f6067014ac2c35cad5\" style=\"font-size:20px\"><strong>Des finitions qui \u00e9voluent avec les retours clients<\/strong><\/h3>\n\n\n\n<p style=\"font-size:18px\"><a href=\"https:\/\/www.maplatine.com\/fr\/193_loia\"><mark style=\"background-color:rgba(0, 0, 0, 0);color:#e72942\" class=\"has-inline-color\"><strong>LOIA<\/strong><\/mark><\/a> a fait \u00e9voluer ses finitions suite aux retours d&rsquo;exp\u00e9rience. Vincent Abraham nous d\u00e9taille ce travail d&rsquo;am\u00e9lioration continue :<\/p>\n\n\n\n<p class=\"has-text-align-center has-black-color has-text-color has-background has-link-color wp-elements-71fc06fb0fbda16a5fe1061350fcf256\" style=\"background-color:#e82a4303;font-size:18px\"><em><em><em><em><em><em><em><em><em><em><em><em><em><em><em><em>\u00ab Sur les premi\u00e8res finitions, on travaillait beaucoup sur de la laque, donc c&rsquo;est tr\u00e8s joli, tr\u00e8s lisse, mais \u00e7a pouvait peut-\u00eatre un peu marquer. Sur les meubles, on est pass\u00e9 sur l\u00e9g\u00e8rement textur\u00e9, comme un banc d&rsquo;ext\u00e9rieur. Du coup, il n&rsquo;y a pas de rayure et on peut bouger ses \u00e9l\u00e9ments sans avoir une micro-rayure dessus. \u00bb<\/em><\/em><\/em><\/em><\/em><\/em><\/em><\/em><\/em><\/em><\/em><\/em><\/em><\/em><\/em><\/em><\/p>\n\n\n\n<p style=\"font-size:18px\">Cette \u00e9volution pragmatique illustre l&rsquo;approche <a href=\"https:\/\/www.maplatine.com\/fr\/193_loia\"><mark style=\"background-color:rgba(0, 0, 0, 0);color:#e72942\" class=\"has-inline-color\"><strong>LOIA<\/strong><\/mark><\/a> : \u00e9couter les utilisateurs et am\u00e9liorer constamment les produits.<\/p>\n\n\n\n<p class=\"has-text-align-center has-black-color has-text-color has-background has-link-color wp-elements-d56f9c8572cb1c23c69933d17c4bf480\" style=\"background-color:#e82a4303;font-size:18px\"><em><em><em><em><em><em><em><em><em><em><em><em><em><em><em><em><em>\u00ab Pour la durabilit\u00e9 du produit, cette texture permet de bouger ses \u00e9l\u00e9ments sans avoir de micro-rayures. Moi, je suis un peu g\u00ean\u00e9 par les rayures, les micro-rayures, les petits d\u00e9tails. Donc on est pass\u00e9 sur \u00e7a. \u00c7a fait partie des optimisations. \u00bb<\/em><\/em><\/em><\/em><\/em><\/em><\/em><\/em><\/em><\/em><\/em><\/em><\/em><\/em><\/em><\/em><\/em><\/p>\n\n\n\n<figure class=\"wp-block-image size-full\"><img loading=\"lazy\" decoding=\"async\" width=\"1000\" height=\"1500\" src=\"https:\/\/www.maplatine.com\/blog\/wp-content\/uploads\/2026\/01\/Loia-studio-made-in-france-satisfaction-clients-meubles-hifi-2.webp\" alt=\"\" class=\"wp-image-14394\" style=\"aspect-ratio:16\/9;object-fit:cover\"\/><\/figure>\n\n\n\n<div style=\"height:50px\" aria-hidden=\"true\" class=\"wp-block-spacer\"><\/div>\n\n\n\n<h2 class=\"wp-block-heading has-black-color has-text-color has-link-color wp-elements-85a077b7a8c1ffcc40136774e4093013\"><strong>Le sur-mesure : une flexibilit\u00e9 Made in France<\/strong><\/h2>\n\n\n\n<p style=\"font-size:18px\">Gr\u00e2ce \u00e0 sa fabrication locale, <a href=\"https:\/\/www.maplatine.com\/fr\/193_loia\"><mark style=\"background-color:rgba(0, 0, 0, 0);color:#e72942\" class=\"has-inline-color\"><strong>LOIA<\/strong><\/mark><\/a> peut proposer des adaptations sur mesure. Vincent Abraham confirme :<\/p>\n\n\n\n<p class=\"has-text-align-center has-black-color has-text-color has-background has-link-color wp-elements-34bcc2f0e1aa893a3859c475df3d2efb\" style=\"background-color:#e82a4303;font-size:18px\"><em><em><em><em><em><em><em><em><em><em><em><em><em><em><em><em><em><em>\u00ab On en fait ! Il y a eu beaucoup de meubles sur mesure. On a fait pas mal de pi\u00e8ces personnalis\u00e9es, 4-5 par mod\u00e8le. \u00c7a apporte toujours un co\u00fbt suppl\u00e9mentaire pour le client, c&rsquo;est vraiment du sur-mesure. Mais en \u00e9tant local, en \u00e9tant en relation avec nos fournisseurs, c&rsquo;est des choses qu&rsquo;on a fait dans des d\u00e9lais respectables : 6 \u00e0 8 semaines, on peut d\u00e9livrer un meuble sur mesure. \u00bb<\/em><\/em><\/em><\/em><\/em><\/em><\/em><\/em><\/em><\/em><\/em><\/em><\/em><\/em><\/em><\/em><\/em><\/em><\/p>\n\n\n\n<figure class=\"wp-block-image size-full\"><img loading=\"lazy\" decoding=\"async\" width=\"5472\" height=\"3648\" src=\"https:\/\/www.maplatine.com\/blog\/wp-content\/uploads\/2026\/01\/loia_la_console_basse_vinyles_noire_HD-3.webp\" alt=\"\" class=\"wp-image-14396\" style=\"aspect-ratio:16\/9;object-fit:cover\"\/><\/figure>\n\n\n\n<div style=\"height:50px\" aria-hidden=\"true\" class=\"wp-block-spacer\"><\/div>\n\n\n\n<h2 class=\"wp-block-heading has-black-color has-text-color has-link-color wp-elements-7bcbdb902b2519e2be9af859d6f0e0a8\"><strong>Pour qui sont ces produits ?<\/strong><\/h2>\n\n\n\n<p style=\"font-size:18px\">La client\u00e8le <a href=\"https:\/\/www.maplatine.com\/fr\/193_loia\"><mark style=\"background-color:rgba(0, 0, 0, 0);color:#e72942\" class=\"has-inline-color\"><strong>LOIA<\/strong><\/mark><\/a> correspond aux audiophiles qui souhaitent mettre en valeur leur syst\u00e8me, pas le cacher. Vincent Abraham dresse le portrait de ses clients :<\/p>\n\n\n\n<p class=\"has-text-align-center has-black-color has-text-color has-background has-link-color wp-elements-d20a96a7a0deb3ca1b8e175065cd0cab\" style=\"background-color:#e82a4303;font-size:18px\"><em><em><em><em><em><em><em><em><em><em><em><em><em><em><em><em><em><em><em>\u00ab Honn\u00eatement, on ne va pas avoir la client\u00e8le ultra pointue, haut de gamme, tr\u00e8s audiophile, parce qu&rsquo;il y a vraiment des gens qui vont plus loin en termes de structure. Nos clients, c&rsquo;est des gens qui ont conscience d&rsquo;avoir un syst\u00e8me HiFi de qualit\u00e9 et de pouvoir le mettre en valeur. Franchement, des gens qui mettent dans un petit syst\u00e8me entre 1 000 et 3 000 euros, c&rsquo;est vraiment notre client\u00e8le. \u00bb<\/em><\/em><\/em><\/em><\/em><\/em><\/em><\/em><\/em><\/em><\/em><\/em><\/em><\/em><\/em><\/em><\/em><\/em><\/em><\/p>\n\n\n\n<p style=\"font-size:18px\">Un aspect revient souvent dans les retours clients : le design qui pla\u00eet \u00e0 toute la famille.<\/p>\n\n\n\n<p class=\"has-text-align-center has-black-color has-text-color has-background has-link-color wp-elements-d7a0d278cae0b466d1704fafcb8f3bde\" style=\"background-color:#e82a4303;font-size:18px\"><em><em><em><em><em><em><em><em><em><em><em><em><em><em><em><em><em><em><em><em>\u00ab On a souvent eu ce retour : \u00e7a pourra au moins plaire \u00e0 tout le monde dans le foyer. Les gens ach\u00e8tent quelque chose de technique, mais qui est aussi joli et qui peut faire plaisir \u00e0 toute la famille. On assume les produits HiFi chez soi. \u00bb<\/em><\/em><\/em><\/em><\/em><\/em><\/em><\/em><\/em><\/em><\/em><\/em><\/em><\/em><\/em><\/em><\/em><\/em><\/em><\/em><\/p>\n\n\n\n<figure class=\"wp-block-image size-full\"><img loading=\"lazy\" decoding=\"async\" width=\"911\" height=\"1195\" src=\"https:\/\/www.maplatine.com\/blog\/wp-content\/uploads\/2026\/01\/LIFESTYLE-CONSOLE-HAUTE-NOIR2.webp\" alt=\"\" class=\"wp-image-14398\" style=\"aspect-ratio:16\/9;object-fit:cover\"\/><\/figure>\n\n\n\n<div style=\"height:50px\" aria-hidden=\"true\" class=\"wp-block-spacer\"><\/div>\n\n\n\n<h2 class=\"wp-block-heading has-black-color has-text-color has-link-color wp-elements-d9e082b192466ef17ce7f58fb09c3ba8\"><strong>Questions fr\u00e9quentes sur LOIA<\/strong><\/h2>\n\n\n\n<h3 class=\"wp-block-heading has-black-color has-text-color has-link-color wp-elements-f45cf0577e205f7ba2f756ca95ed848b\" style=\"font-size:20px\"><strong>LOIA propose-t-il du sur-mesure ?<\/strong><\/h3>\n\n\n\n<p style=\"font-size:18px\">Oui, la fabrication locale permet des adaptations personnalis\u00e9es. Comptez un d\u00e9lai de 6 \u00e0 8 semaines et un surco\u00fbt li\u00e9 au travail sur-mesure.<\/p>\n\n\n\n<h3 class=\"wp-block-heading has-black-color has-text-color has-link-color wp-elements-f9e4669245dbc089b80100779ad27264\" style=\"font-size:20px\"><strong>Comment sont exp\u00e9di\u00e9s les meubles ?<\/strong><\/h3>\n\n\n\n<p style=\"font-size:18px\">Les exp\u00e9ditions se font sur demi-palettes ou palettes, avec prise de rendez-vous. Le poids (jusqu&rsquo;\u00e0 48 kg) est assum\u00e9 comme garant de qualit\u00e9 et de durabilit\u00e9.<\/p>\n\n\n\n<h3 class=\"wp-block-heading has-black-color has-text-color has-link-color wp-elements-f06e3d5aecc2d9b20f14674fcb755a59\" style=\"font-size:20px\"><strong>Les meubles sont-ils adapt\u00e9s \u00e0 toutes les pi\u00e8ces ?<\/strong><\/h3>\n\n\n\n<p style=\"font-size:18px\"><a href=\"https:\/\/www.maplatine.com\/fr\/193_loia\"><mark style=\"background-color:rgba(0, 0, 0, 0);color:#e72942\" class=\"has-inline-color\"><strong>LOIA<\/strong><\/mark><\/a> privil\u00e9gie des dimensions raisonnables. Comme le pr\u00e9cise Vincent Abraham :<em> <\/em><\/p>\n\n\n\n<p class=\"has-text-align-center has-black-color has-text-color has-background has-link-color wp-elements-32fa325e3d055f7d4d6fba32c5af600e\" style=\"background-color:#e82a4303;font-size:18px\"><em><em><em><em><em><em><em><em><em><em><em><em><em><em><em><em><em><em><em><em><em>\u00ab On n&rsquo;a pas des gros meubles, donc on reste dans cet esprit o\u00f9 \u00e7a reste pour tout type de pi\u00e8ces, pour les salons plus restreints. Ce sont des meubles qui peuvent \u00eatre mis dans un int\u00e9rieur et assumer que \u00e7a plaise \u00e0 tout le monde. \u00bb<\/em><\/em><\/em><\/em><\/em><\/em><\/em><\/em><\/em><\/em><\/em><\/em><\/em><\/em><\/em><\/em><\/em><\/em><\/em><\/em><\/em><\/p>\n\n\n\n<h3 class=\"wp-block-heading has-black-color has-text-color has-link-color wp-elements-07554468baed2075db599322f768f3fd\" style=\"font-size:20px\"><strong>Quels mat\u00e9riaux alternatifs LOIA explore-t-il ?<\/strong><\/h3>\n\n\n\n<p style=\"font-size:18px\">L&rsquo;\u00e9quipe teste r\u00e9guli\u00e8rement de nouvelles pistes. Vincent Abraham nous confie :<\/p>\n\n\n\n<p class=\"has-text-align-center has-black-color has-text-color has-background has-link-color wp-elements-c6dee623151f7d9bf6a30182e6385fbe\" style=\"background-color:#e82a4303;font-size:18px\"><em><em><em><em><em><em><em><em><em><em><em><em><em><em><em><em><em><em><em><em><em><em>\u00ab On a fait beaucoup de tests. On a aussi beaucoup de li\u00e8ge ici, donc on aimerait faire des choses avec le li\u00e8ge, parce que c&rsquo;est un bon mat\u00e9riau d&rsquo;absorption. Il y a du sens, mais des fois il y a des choses qu&rsquo;on arrive \u00e0 concevoir et d&rsquo;autres moins. \u00bb<\/em><\/em><\/em><\/em><\/em><\/em><\/em><\/em><\/em><\/em><\/em><\/em><\/em><\/em><\/em><\/em><\/em><\/em><\/em><\/em><\/em><\/em><\/p>\n\n\n\n<div style=\"height:50px\" aria-hidden=\"true\" class=\"wp-block-spacer\"><\/div>\n\n\n\n<h2 class=\"wp-block-heading has-black-color has-text-color has-link-color wp-elements-759c4b2d26b51b71d838a18da30d77c6\" style=\"font-size:20px\"><strong>Pourquoi choisir LOIA aujourd&rsquo;hui ?<\/strong><\/h2>\n\n\n\n<p style=\"font-size:18px\">L&rsquo;arriv\u00e9e de <a href=\"https:\/\/www.maplatine.com\/fr\/193_loia\"><mark style=\"background-color:rgba(0, 0, 0, 0);color:#e72942\" class=\"has-inline-color\"><strong>LOIA<\/strong><\/mark><\/a> sur maPlatine.com r\u00e9pond \u00e0 une demande croissante : comment mettre en valeur son syst\u00e8me HiFi sans sacrifier l&rsquo;esth\u00e9tique de son int\u00e9rieur, ni exploser son budget ? Cette jeune marque fran\u00e7aise apporte une r\u00e9ponse convaincante avec une gamme allant de 39 \u20ac pour un support vinyle \u00e0 1 350 \u20ac pour un meuble complet.<\/p>\n\n\n\n<p style=\"font-size:18px\">Les produits <a href=\"https:\/\/www.maplatine.com\/fr\/193_loia\"><mark style=\"background-color:rgba(0, 0, 0, 0);color:#e72942\" class=\"has-inline-color\"><strong>LOIA<\/strong><\/mark><\/a> incarnent un \u00e9quilibre rare entre exigence technique, fabrication locale et accessibilit\u00e9 tarifaire. Du simple support vinyle \u00e0 la solution compl\u00e8te pour 350 disques, chaque pi\u00e8ce t\u00e9moigne d&rsquo;une conception r\u00e9fl\u00e9chie et d&rsquo;une fabrication soign\u00e9e.<\/p>\n\n\n\n<p style=\"font-size:18px\">Nous remercions chaleureusement Vincent Abraham pour le temps qu&rsquo;il nous a accord\u00e9 et pour sa transparence sur l&rsquo;aventure <a href=\"https:\/\/www.maplatine.com\/fr\/193_loia\"><mark style=\"background-color:rgba(0, 0, 0, 0);color:#e72942\" class=\"has-inline-color\"><strong>LOIA<\/strong><\/mark><\/a>. Pour les amateurs de vinyle soucieux de leur int\u00e9rieur, <a href=\"https:\/\/www.maplatine.com\/fr\/193_loia\"><mark style=\"background-color:rgba(0, 0, 0, 0);color:#e72942\" class=\"has-inline-color\"><strong>LOIA<\/strong><\/mark><\/a> repr\u00e9sente l&rsquo;opportunit\u00e9 de r\u00e9unir passion musicale et qualit\u00e9 de vie. Ces meubles ne se contentent pas de ranger votre collection : ils la mettent en sc\u00e8ne.<\/p>\n\n\n\n<p style=\"font-size:18px\">D\u00e9couvrez tous les produits de la marque Loia sur leur site internet : <a href=\"https:\/\/loia.studio\/\"><mark style=\"background-color:rgba(0, 0, 0, 0);color:#e72942\" class=\"has-inline-color\">https:\/\/loia.studio\/<\/mark><\/a><\/p>\n\n\n\n<div style=\"height:100px\" aria-hidden=\"true\" class=\"wp-block-spacer\"><\/div>\n","protected":false},"excerpt":{"rendered":"<p>Janvier 2026 &#8211; Par maPlatine.com Le retour du vinyle a transform\u00e9 nos int\u00e9rieurs. Exit les enceintes dissimul\u00e9es et les cha\u00eenes HiFi cach\u00e9es dans les meubles TV : aujourd&rsquo;hui, on assume son syst\u00e8me audio, on le met en valeur. C&rsquo;est pr\u00e9cis\u00e9ment cette tendance qui a inspir\u00e9 la cr\u00e9ation de LOIA, une jeune marque fran\u00e7aise de mobilier [&hellip;]<\/p>\n","protected":false},"author":1,"featured_media":14400,"comment_status":"closed","ping_status":"closed","sticky":false,"template":"","format":"standard","meta":{"footnotes":""},"categories":[1],"tags":[],"acf":[],"_links":{"self":[{"href":"https:\/\/www.maplatine.com\/blog\/wp-json\/wp\/v2\/posts\/14324"}],"collection":[{"href":"https:\/\/www.maplatine.com\/blog\/wp-json\/wp\/v2\/posts"}],"about":[{"href":"https:\/\/www.maplatine.com\/blog\/wp-json\/wp\/v2\/types\/post"}],"author":[{"embeddable":true,"href":"https:\/\/www.maplatine.com\/blog\/wp-json\/wp\/v2\/users\/1"}],"replies":[{"embeddable":true,"href":"https:\/\/www.maplatine.com\/blog\/wp-json\/wp\/v2\/comments?post=14324"}],"version-history":[{"count":16,"href":"https:\/\/www.maplatine.com\/blog\/wp-json\/wp\/v2\/posts\/14324\/revisions"}],"predecessor-version":[{"id":14430,"href":"https:\/\/www.maplatine.com\/blog\/wp-json\/wp\/v2\/posts\/14324\/revisions\/14430"}],"wp:featuredmedia":[{"embeddable":true,"href":"https:\/\/www.maplatine.com\/blog\/wp-json\/wp\/v2\/media\/14400"}],"wp:attachment":[{"href":"https:\/\/www.maplatine.com\/blog\/wp-json\/wp\/v2\/media?parent=14324"}],"wp:term":[{"taxonomy":"category","embeddable":true,"href":"https:\/\/www.maplatine.com\/blog\/wp-json\/wp\/v2\/categories?post=14324"},{"taxonomy":"post_tag","embeddable":true,"href":"https:\/\/www.maplatine.com\/blog\/wp-json\/wp\/v2\/tags?post=14324"}],"curies":[{"name":"wp","href":"https:\/\/api.w.org\/{rel}","templated":true}]}}