{"id":13247,"date":"2025-05-29T12:00:00","date_gmt":"2025-05-29T10:00:00","guid":{"rendered":"https:\/\/www.maplatine.com\/blog\/?p=13247"},"modified":"2025-05-28T16:34:27","modified_gmt":"2025-05-28T14:34:27","slug":"indiana-line-tesi-la-nouvelle-generation-denceintes-hifi","status":"publish","type":"post","link":"https:\/\/www.maplatine.com\/blog\/indiana-line-tesi-la-nouvelle-generation-denceintes-hifi\/","title":{"rendered":"Indiana Line TESI : la nouvelle g\u00e9n\u00e9ration d&rsquo;enceintes HiFi"},"content":{"rendered":"\n<p>Plongez dans l&rsquo;univers sonore de la nouvelle gamme Indiana Line TESI. Ces enceintes repr\u00e9sentent l&rsquo;aboutissement d&rsquo;ann\u00e9es de recherche acoustique et offrent une nouvelle exp\u00e9rience d&rsquo;\u00e9coute, tant pour les audiophiles passionn\u00e9s que pour les n\u00e9ophytes en qu\u00eate de leur premier syst\u00e8me HiFi de qualit\u00e9. D\u00e9couvrez comment cette gamme red\u00e9finit les standards de performance dans sa cat\u00e9gorie de prix.<\/p>\n\n\n\n<div style=\"height:50px\" aria-hidden=\"true\" class=\"wp-block-spacer\"><\/div>\n\n\n\n<h3 class=\"wp-block-heading has-black-color has-text-color has-link-color wp-elements-516646cf4de5eaea5a942c1e565417e3\" style=\"text-decoration:underline\"><strong><strong>L&rsquo;\u00e9volution de la gamme TESI<\/strong><\/strong><\/h3>\n\n\n\n<p>La nouvelle g\u00e9n\u00e9ration d&rsquo;enceintes <strong>Indiana Line TESI<\/strong> apporte des am\u00e9liorations techniques importantes. Il s&rsquo;agit d&rsquo;une mise \u00e0 jour significative de cette ligne embl\u00e9matique, visant \u00e0 offrir une meilleure exp\u00e9rience sonore.<\/p>\n\n\n\n<p>Les changements touchent tous les aspects cl\u00e9s des enceintes : nouvelles \u00e9b\u00e9nisteries plus complexes et rigides, transducteurs revus, et filtres de meilleure qualit\u00e9. Chaque \u00e9l\u00e9ment a \u00e9t\u00e9 optimis\u00e9 pour cr\u00e9er un ensemble coh\u00e9rent qui am\u00e9liore l&rsquo;exp\u00e9rience d&rsquo;\u00e9coute.<\/p>\n\n\n\n<div style=\"height:50px\" aria-hidden=\"true\" class=\"wp-block-spacer\"><\/div>\n\n\n\n<p class=\"has-black-color has-text-color has-link-color wp-elements-e992e4d986cebdc063bcbb582d3b622a\" style=\"text-decoration:underline\"><strong><strong><strong>Les enceintes biblioth\u00e8que TESI 2<\/strong><\/strong><\/strong><\/p>\n\n\n\n<p>La benjamine de la gamme, la <strong><a href=\"https:\/\/www.maplatine.com\/fr\/enceintes-hi-fi\/6031-enceintes-bibliotheque-tesi-2.html\" target=\"_blank\" rel=\"noreferrer noopener\"><mark style=\"background-color:rgba(0, 0, 0, 0);color:#e62f42\" class=\"has-inline-color\">TESI 2<\/mark><\/a><\/strong>, surprend par ses performances malgr\u00e9 ses dimensions r\u00e9duites. \u00c9quip\u00e9e d&rsquo;un haut-parleur m\u00e9dium\/grave de 120 mm, elle d\u00e9livre une sc\u00e8ne sonore impressionnante tant en largeur qu&rsquo;en profondeur. Son port bass-reflex d\u00e9bouchant en fa\u00e7ade permet une installation flexible, m\u00eame proche d&rsquo;un mur.<\/p>\n\n\n\n<div style=\"height:50px\" aria-hidden=\"true\" class=\"wp-block-spacer\"><\/div>\n\n\n\n<p class=\"has-black-color has-text-color has-link-color wp-elements-b473f116fe654da462a975e63ae2050c\" style=\"text-decoration:underline\"><strong><strong><strong><strong>Les enceintes biblioth\u00e8que TESI 3<\/strong><\/strong><\/strong><\/strong><\/p>\n\n\n\n<p>\u00c9volution naturelle de la <strong><a href=\"https:\/\/www.maplatine.com\/fr\/enceintes-hi-fi\/6031-enceintes-bibliotheque-tesi-2.html\" target=\"_blank\" rel=\"noreferrer noopener\"><mark style=\"background-color:rgba(0, 0, 0, 0);color:#e62f42\" class=\"has-inline-color\">TESI 2<\/mark><\/a><\/strong>, la <strong><a href=\"https:\/\/www.maplatine.com\/fr\/enceintes-hi-fi\/6032-enceintes-bibliotheque-tesi-3.html\" target=\"_blank\" rel=\"noreferrer noopener\"><mark style=\"background-color:rgba(0, 0, 0, 0);color:#e62f42\" class=\"has-inline-color\">TESI 3<\/mark><\/a><\/strong> int\u00e8gre un haut-parleur m\u00e9dium\/grave plus g\u00e9n\u00e9reux de 160 mm qui lui conf\u00e8re une assise dans les basses fr\u00e9quences nettement sup\u00e9rieure. La sc\u00e8ne sonore gagne en ampleur et en mati\u00e8re, avec un m\u00e9dium particuli\u00e8rement expressif qui constitue le point fort de cette enceinte.<\/p>\n\n\n\n<div style=\"height:50px\" aria-hidden=\"true\" class=\"wp-block-spacer\"><\/div>\n\n\n\n<p class=\"has-black-color has-text-color has-link-color wp-elements-fe7c238a5d562709643bde24c037fadb\" style=\"text-decoration:underline\"><strong><strong><strong><strong><strong>Les enceintes colonnes TESI 5<\/strong><\/strong><\/strong><\/strong><\/strong><\/p>\n\n\n\n<p>Premi\u00e8re enceinte colonne de cette nouvelle gamme, la <strong><a href=\"https:\/\/www.maplatine.com\/fr\/enceintes-hi-fi\/6033-enceintes-colonne-tesi-5.html\" target=\"_blank\" rel=\"noreferrer noopener\"><mark style=\"background-color:rgba(0, 0, 0, 0);color:#e62f42\" class=\"has-inline-color\">TESI 5<\/mark><\/a><\/strong> adopte une configuration 3 voies avec un haut-parleur m\u00e9dium de 160 mm et un haut-parleur grave identique. Sa bande passante \u00e9tendue (38-22000 Hz) lui permet de reproduire avec fid\u00e9lit\u00e9 une large palette d&rsquo;\u0153uvres musicales.<\/p>\n\n\n\n<div style=\"height:50px\" aria-hidden=\"true\" class=\"wp-block-spacer\"><\/div>\n\n\n\n<p class=\"has-black-color has-text-color has-link-color wp-elements-242ee4edf568ea35980d656f69ed6259\" style=\"text-decoration:underline\"><strong>Les enceintes colonnes TESI 6<\/strong><\/p>\n\n\n\n<p>Fleuron de la gamme, la <strong><a href=\"https:\/\/www.maplatine.com\/fr\/enceintes-hi-fi\/6034-enceintes-colonne-tesi-6.html\" target=\"_blank\" rel=\"noreferrer noopener\"><mark style=\"background-color:rgba(0, 0, 0, 0);color:#e62f42\" class=\"has-inline-color\">TESI 6<\/mark><\/a><\/strong> propose une configuration 3 voies avec un haut-parleur m\u00e9dium de 160 mm et deux haut-parleurs de grave de m\u00eame dimension. Sa particularit\u00e9 r\u00e9side dans son \u00e9vent bass-reflex qui d\u00e9bouche sous l&rsquo;enceinte, celle-ci reposant sur un socle en croix qui la d\u00e9colle du sol. Cette conception ing\u00e9nieuse permet une dispersion \u00e0 360\u00b0 des basses fr\u00e9quences, garantissant une r\u00e9partition homog\u00e8ne de l&rsquo;extr\u00eame grave dans la pi\u00e8ce.<\/p>\n\n\n\n<div style=\"height:50px\" aria-hidden=\"true\" class=\"wp-block-spacer\"><\/div>\n\n\n\n<h3 class=\"wp-block-heading has-black-color has-text-color has-link-color wp-elements-983868955830db0fcdced2f0848340cd\" style=\"text-decoration:underline\"><strong><strong>La technologie au service de l&rsquo;\u00e9motion musicale<\/strong><\/strong><\/h3>\n\n\n\n<p>Ce qui distingue v\u00e9ritablement la gamme Indiana Line TESI, c&rsquo;est sa capacit\u00e9 \u00e0 transformer des innovations techniques en \u00e9motion musicale pure. Chaque choix de conception a \u00e9t\u00e9 guid\u00e9 non seulement par des consid\u00e9rations acoustiques objectives, mais aussi par l&rsquo;impact \u00e9motionnel qu&rsquo;il produit lors de l&rsquo;\u00e9coute. Examinons plus en d\u00e9tail les technologies exclusives qui font de ces enceintes des instruments capables de toucher l&rsquo;\u00e2me des m\u00e9lomanes.<\/p>\n\n\n\n<ol>\n<li style=\"text-decoration:underline\"><mark style=\"background-color:rgba(0, 0, 0, 0)\" class=\"has-inline-color has-black-color\">\u00c9b\u00e9nisterie Sophistiqu\u00e9e<\/mark><\/li>\n<\/ol>\n\n\n\n<p>L&rsquo;\u00e9b\u00e9nisterie en MDF ultra-rigide avec renforts transversaux strat\u00e9giques \u00e9limine toute coloration due aux vibrations du coffret. Cette neutralit\u00e9 permet une reproduction fid\u00e8le des timbres instrumentaux et vocaux, pr\u00e9servant l&rsquo;intention artistique originale.<\/p>\n\n\n\n<p style=\"text-decoration:underline\"><\/p>\n\n\n\n<ol start=\"2\">\n<li style=\"text-decoration:underline\"><mark style=\"background-color:rgba(0, 0, 0, 0)\" class=\"has-inline-color has-black-color\">Tweeter \u00e0 D\u00f4me Soie<\/mark><\/li>\n<\/ol>\n\n\n\n<p>Le tweeter \u00e0 d\u00f4me soie de 26 mm repr\u00e9sente un choix d\u00e9lib\u00e9r\u00e9 en faveur de la musicalit\u00e9 plut\u00f4t que de l&rsquo;effet spectaculaire. Sa chambre d&rsquo;amortissement radiale et son puissant aimant en n\u00e9odyme lui permettent de reproduire les harmoniques les plus d\u00e9licates avec une douceur et une pr\u00e9cision qui invitent \u00e0 la red\u00e9couverte de votre collection musicale.<\/p>\n\n\n\n<ol start=\"3\">\n<li style=\"text-decoration:underline\"><mark style=\"background-color:rgba(0, 0, 0, 0)\" class=\"has-inline-color has-black-color\">Suspension Dual Wave<\/mark><\/li>\n<\/ol>\n\n\n\n<p>La suspension Dual Wave exclusive des haut-parleurs m\u00e9dium et grave constitue une innovation majeure. Elle \u00e9tend consid\u00e9rablement la plage de fonctionnement lin\u00e9aire des transducteurs et minimise la distorsion d&rsquo;intermodulation, particuli\u00e8rement dans les basses fr\u00e9quences, ce qui se traduit par une reproduction plus naturelle et engageante des instruments graves.<\/p>\n\n\n\n<ol start=\"4\">\n<li style=\"text-decoration:underline\"><mark style=\"background-color:rgba(0, 0, 0, 0)\" class=\"has-inline-color has-black-color\">Filtrage Sophistiqu\u00e9<\/mark><\/li>\n<\/ol>\n\n\n\n<p>Le filtrage utilisant des selfs bobin\u00e9es sur air et des condensateurs en polypropyl\u00e8ne s&rsquo;inspire directement des mod\u00e8les haut de gamme du constructeur. Cette approche sans compromis assure une transition imperceptible entre les diff\u00e9rents transducteurs et pr\u00e9serve toute la coh\u00e9rence et la richesse des enregistrements.<\/p>\n\n\n\n<div style=\"height:50px\" aria-hidden=\"true\" class=\"wp-block-spacer\"><\/div>\n\n\n\n<h3 class=\"wp-block-heading has-black-color has-text-color has-link-color wp-elements-975319c90889172590ead57aa077fa28\" style=\"text-decoration:underline\"><strong><strong>Choisir le mod\u00e8le TESI adapt\u00e9 \u00e0 vos besoins<\/strong><\/strong><\/h3>\n\n\n\n<div style=\"height:50px\" aria-hidden=\"true\" class=\"wp-block-spacer\"><\/div>\n\n\n\n<figure class=\"wp-block-table aligncenter is-style-stripes\"><table class=\"has-black-color has-text-color has-link-color\"><tbody><tr><td class=\"has-text-align-center\" data-align=\"center\"><strong>Mod\u00e8le<\/strong><\/td><td><strong>Type<\/strong><\/td><td><strong>Hp Grave<\/strong><\/td><td><strong>HP m\u00e9dium<\/strong><\/td><td><strong>Tweeter<\/strong><\/td><td><strong>Bande Passante<\/strong><\/td><td><strong>Surface reco.<\/strong><\/td><\/tr><tr><td class=\"has-text-align-center\" data-align=\"center\"><strong>TESI 2 <\/strong><\/td><td>Biblioth\u00e8que<\/td><td>1 x 120 mm<\/td><td>Identique au grave<\/td><td>26 mm soie<\/td><td>45 Hz &#8211; 22 kHz<\/td><td>&lt; 20 m\u00b2<\/td><\/tr><tr><td class=\"has-text-align-center\" data-align=\"center\"><strong>TESI 3<\/strong><\/td><td>Biblioth\u00e8que<\/td><td>1 x 160 mm<\/td><td>Identique au grave<\/td><td>26 mm soie<\/td><td>42 Hz &#8211; 22 kHz<\/td><td>&lt; 25 m\u00b2<\/td><\/tr><tr><td class=\"has-text-align-center\" data-align=\"center\"><strong>TESI 5<\/strong><\/td><td>Colonne<\/td><td>1 x 160 mm<\/td><td>1 x 160 mm<\/td><td>26 mm soie<\/td><td>38 Hz &#8211; 22 kHz<\/td><td>&lt; 35 m\u00b2<\/td><\/tr><tr><td class=\"has-text-align-center\" data-align=\"center\"><strong>TESI 6<\/strong><\/td><td>Colonne<\/td><td>2 x 160 mm<\/td><td>1 x 160 mm<\/td><td>26 mm soie<\/td><td>35 Hz &#8211; 22 kHz<\/td><td>> 25 m\u00b2<\/td><\/tr><\/tbody><\/table><\/figure>\n\n\n\n<div style=\"height:50px\" aria-hidden=\"true\" class=\"wp-block-spacer\"><\/div>\n\n\n\n<p>Au-del\u00e0 des sp\u00e9cifications techniques, le choix entre ces diff\u00e9rents mod\u00e8les d\u00e9pend \u00e9galement de vos pr\u00e9f\u00e9rences d&rsquo;\u00e9coute. Si vous privil\u00e9giez la pr\u00e9cision et la finesse des d\u00e9tails, les mod\u00e8les biblioth\u00e8que <strong><a href=\"https:\/\/www.maplatine.com\/fr\/enceintes-hi-fi\/6031-enceintes-bibliotheque-tesi-2.html\" target=\"_blank\" rel=\"noreferrer noopener\"><mark style=\"background-color:rgba(0, 0, 0, 0);color:#e62f42\" class=\"has-inline-color\">TESI 2<\/mark><\/a><\/strong> et <strong><a href=\"https:\/\/www.maplatine.com\/fr\/enceintes-hi-fi\/6032-enceintes-bibliotheque-tesi-3.html\" target=\"_blank\" rel=\"noreferrer noopener\"><mark style=\"background-color:rgba(0, 0, 0, 0);color:#e62f42\" class=\"has-inline-color\">TESI 3<\/mark><\/a><\/strong> pourraient vous s\u00e9duire par leur capacit\u00e9 \u00e0 cr\u00e9er une image st\u00e9r\u00e9o pr\u00e9cise. Si, en revanche, vous recherchez une exp\u00e9rience plus immersive avec un impact physique des basses, les mod\u00e8les colonne <strong><a href=\"https:\/\/www.maplatine.com\/fr\/enceintes-hi-fi\/6033-enceintes-colonne-tesi-5.html\" target=\"_blank\" rel=\"noreferrer noopener\"><mark style=\"background-color:rgba(0, 0, 0, 0);color:#e62f42\" class=\"has-inline-color\">TESI 5<\/mark><\/a><\/strong> et <strong><a href=\"https:\/\/www.maplatine.com\/fr\/enceintes-hi-fi\/6034-enceintes-colonne-tesi-6.html\" target=\"_blank\" rel=\"noreferrer noopener\"><mark style=\"background-color:rgba(0, 0, 0, 0);color:#e62f42\" class=\"has-inline-color\">TESI 6<\/mark><\/a><\/strong>r\u00e9pondront parfaitement \u00e0 vos attentes.<\/p>\n\n\n\n<p>Il est \u00e9galement important de consid\u00e9rer l&rsquo;int\u00e9gration des enceintes dans votre espace de vie. Les mod\u00e8les biblioth\u00e8que offrent une grande flexibilit\u00e9 de placement (sur des supports, une \u00e9tag\u00e8re, ou m\u00eame fix\u00e9s au mur), tandis que les colonnes cr\u00e9ent une pr\u00e9sence plus affirm\u00e9e, mais n\u00e9cessitent un espace au sol d\u00e9di\u00e9.<\/p>\n\n\n\n<div style=\"height:50px\" aria-hidden=\"true\" class=\"wp-block-spacer\"><\/div>\n\n\n\n<h3 class=\"wp-block-heading has-black-color has-text-color has-link-color wp-elements-0bf2b80b706f39d5ac5183d3203a1676\" style=\"text-decoration:underline\"><strong>Associations recommand\u00e9es et optimisation du syst\u00e8me<\/strong><\/h3>\n\n\n\n<p>Pour tirer le meilleur parti de vos enceintes Indiana Line TESI, il est essentiel de les associer \u00e0 des composants compl\u00e9mentaires de qualit\u00e9. Une cha\u00eene HiFi est semblable \u00e0 un orchestre o\u00f9 chaque \u00e9l\u00e9ment doit jouer en parfaite harmonie avec les autres. Voici nos recommandations pour cr\u00e9er un syst\u00e8me coh\u00e9rent qui magnifiera les qualit\u00e9s de vos enceintes.<\/p>\n\n\n\n<h4 class=\"wp-block-heading has-black-color has-text-color has-link-color wp-elements-f1b8971760a80ea740e5d0911add0178\"><strong>Pour les <strong><a href=\"https:\/\/www.maplatine.com\/fr\/enceintes-hi-fi\/6031-enceintes-bibliotheque-tesi-2.html\" target=\"_blank\" rel=\"noreferrer noopener\"><mark style=\"background-color:rgba(0, 0, 0, 0);color:#e62f42\" class=\"has-inline-color\">TESI 2<\/mark><\/a><\/strong><\/strong><\/h4>\n\n\n\n<ul>\n<li>Amplificateur: Rotel A8\u00a0<\/li>\n\n\n\n<li>Platine vinyle: Pro-Ject DEBUT III<\/li>\n\n\n\n<li>C\u00e2bles d&rsquo;enceintes: Viard Premium HD HP<\/li>\n<\/ul>\n\n\n\n<div class=\"wp-block-columns is-layout-flex wp-container-core-columns-is-layout-1 wp-block-columns-is-layout-flex\">\n<div class=\"wp-block-column is-layout-flow wp-block-column-is-layout-flow\">\n<figure class=\"wp-block-image size-large\"><img loading=\"lazy\" decoding=\"async\" width=\"1024\" height=\"683\" src=\"https:\/\/www.maplatine.com\/blog\/wp-content\/uploads\/2025\/05\/IMG_3602-1024x683.jpg\" alt=\"\" class=\"wp-image-13250\" style=\"aspect-ratio:16\/9;object-fit:cover\" srcset=\"https:\/\/www.maplatine.com\/blog\/wp-content\/uploads\/2025\/05\/IMG_3602-1024x683.jpg 1024w, https:\/\/www.maplatine.com\/blog\/wp-content\/uploads\/2025\/05\/IMG_3602-300x200.jpg 300w, https:\/\/www.maplatine.com\/blog\/wp-content\/uploads\/2025\/05\/IMG_3602-768x512.jpg 768w, https:\/\/www.maplatine.com\/blog\/wp-content\/uploads\/2025\/05\/IMG_3602-1536x1024.jpg 1536w, https:\/\/www.maplatine.com\/blog\/wp-content\/uploads\/2025\/05\/IMG_3602.jpg 2048w\" sizes=\"(max-width: 1024px) 100vw, 1024px\" \/><\/figure>\n\n\n\n<div class=\"wp-block-buttons has-custom-font-size has-small-font-size is-content-justification-center is-layout-flex wp-container-core-buttons-is-layout-1 wp-block-buttons-is-layout-flex\">\n<div class=\"wp-block-button\"><a class=\"wp-block-button__link has-white-color has-text-color has-background has-link-color wp-element-button\" href=\"https:\/\/www.maplatine.com\/fr\/amplificateurs-integres\/5735-amplificateur-integre-rotel-a08.html\" style=\"background-color:#e62f42\" target=\"_blank\" rel=\"noreferrer noopener\"><strong>Amplificateur<\/strong> <strong>A 08<\/strong><\/a><\/div>\n<\/div>\n<\/div>\n\n\n\n<div class=\"wp-block-column is-layout-flow wp-block-column-is-layout-flow\">\n<figure class=\"wp-block-image size-large\"><img loading=\"lazy\" decoding=\"async\" width=\"1024\" height=\"683\" src=\"https:\/\/www.maplatine.com\/blog\/wp-content\/uploads\/2025\/05\/Platine-vinyle-manuell-Pro-Ject-Debut-III-OM5e-Limited-3-1024x683.jpg\" alt=\"\" class=\"wp-image-13252\" style=\"aspect-ratio:16\/9;object-fit:cover\" srcset=\"https:\/\/www.maplatine.com\/blog\/wp-content\/uploads\/2025\/05\/Platine-vinyle-manuell-Pro-Ject-Debut-III-OM5e-Limited-3-1024x683.jpg 1024w, https:\/\/www.maplatine.com\/blog\/wp-content\/uploads\/2025\/05\/Platine-vinyle-manuell-Pro-Ject-Debut-III-OM5e-Limited-3-300x200.jpg 300w, https:\/\/www.maplatine.com\/blog\/wp-content\/uploads\/2025\/05\/Platine-vinyle-manuell-Pro-Ject-Debut-III-OM5e-Limited-3-768x512.jpg 768w, https:\/\/www.maplatine.com\/blog\/wp-content\/uploads\/2025\/05\/Platine-vinyle-manuell-Pro-Ject-Debut-III-OM5e-Limited-3-1536x1024.jpg 1536w, https:\/\/www.maplatine.com\/blog\/wp-content\/uploads\/2025\/05\/Platine-vinyle-manuell-Pro-Ject-Debut-III-OM5e-Limited-3-2048x1365.jpg 2048w\" sizes=\"(max-width: 1024px) 100vw, 1024px\" \/><\/figure>\n\n\n\n<div class=\"wp-block-buttons has-custom-font-size has-small-font-size is-content-justification-center is-layout-flex wp-container-core-buttons-is-layout-2 wp-block-buttons-is-layout-flex\">\n<div class=\"wp-block-button\"><a class=\"wp-block-button__link has-white-color has-text-color has-background has-link-color wp-element-button\" href=\"https:\/\/www.maplatine.com\/fr\/platines-vinyles-manuelles\/5350-platine-vinyle-manuelle-pro-ject-debut-iii-om5e-limited.html\" style=\"background-color:#e62f42\" target=\"_blank\" rel=\"noreferrer noopener\"><strong>Platine Debut III<\/strong><\/a><\/div>\n<\/div>\n<\/div>\n\n\n\n<div class=\"wp-block-column is-layout-flow wp-block-column-is-layout-flow\">\n<figure class=\"wp-block-image size-large\"><img loading=\"lazy\" decoding=\"async\" width=\"1024\" height=\"683\" src=\"https:\/\/www.maplatine.com\/blog\/wp-content\/uploads\/2025\/05\/Cables-haut-parleurs-Viard-Audio-Premium-HD-HP-4-1024x683.jpg\" alt=\"\" class=\"wp-image-13254\" style=\"aspect-ratio:16\/9;object-fit:cover\" srcset=\"https:\/\/www.maplatine.com\/blog\/wp-content\/uploads\/2025\/05\/Cables-haut-parleurs-Viard-Audio-Premium-HD-HP-4-1024x683.jpg 1024w, https:\/\/www.maplatine.com\/blog\/wp-content\/uploads\/2025\/05\/Cables-haut-parleurs-Viard-Audio-Premium-HD-HP-4-300x200.jpg 300w, https:\/\/www.maplatine.com\/blog\/wp-content\/uploads\/2025\/05\/Cables-haut-parleurs-Viard-Audio-Premium-HD-HP-4-768x512.jpg 768w, https:\/\/www.maplatine.com\/blog\/wp-content\/uploads\/2025\/05\/Cables-haut-parleurs-Viard-Audio-Premium-HD-HP-4-1536x1024.jpg 1536w, https:\/\/www.maplatine.com\/blog\/wp-content\/uploads\/2025\/05\/Cables-haut-parleurs-Viard-Audio-Premium-HD-HP-4-2048x1365.jpg 2048w\" sizes=\"(max-width: 1024px) 100vw, 1024px\" \/><\/figure>\n\n\n\n<div class=\"wp-block-buttons has-custom-font-size has-small-font-size is-content-justification-center is-layout-flex wp-container-core-buttons-is-layout-3 wp-block-buttons-is-layout-flex\">\n<div class=\"wp-block-button\"><a class=\"wp-block-button__link has-white-color has-text-color has-background has-link-color wp-element-button\" href=\"https:\/\/www.maplatine.com\/fr\/cables-enceintes-fiches-bananes-et-fourches\/4668-cables-haut-parleurs-viard-audio-premium-hd-hp.html\" style=\"background-color:#e62f42\" target=\"_blank\" rel=\"noreferrer noopener\"><strong>C\u00e2bles Premium HD HP<\/strong><\/a><\/div>\n<\/div>\n<\/div>\n<\/div>\n\n\n\n<div style=\"height:50px\" aria-hidden=\"true\" class=\"wp-block-spacer\"><\/div>\n\n\n\n<h4 class=\"wp-block-heading has-black-color has-text-color has-link-color wp-elements-9aa11fec46c18102a46423982620f74d\"><strong>Pour les <strong><a href=\"https:\/\/www.maplatine.com\/fr\/enceintes-hi-fi\/6032-enceintes-bibliotheque-tesi-3.html\" target=\"_blank\" rel=\"noreferrer noopener\"><mark style=\"background-color:rgba(0, 0, 0, 0);color:#e62f42\" class=\"has-inline-color\">TESI 3<\/mark><\/a><\/strong><\/strong><\/h4>\n\n\n\n<ul>\n<li>Amplificateur: Rega IO<\/li>\n\n\n\n<li>Platine vinyle: Rega Planar 1<\/li>\n\n\n\n<li>C\u00e2bles d&rsquo;enceintes: Real Cable Prestige 400<\/li>\n<\/ul>\n\n\n\n<div class=\"wp-block-columns is-layout-flex wp-container-core-columns-is-layout-2 wp-block-columns-is-layout-flex\">\n<div class=\"wp-block-column is-layout-flow wp-block-column-is-layout-flow\">\n<figure class=\"wp-block-image size-full\"><img loading=\"lazy\" decoding=\"async\" width=\"700\" height=\"400\" src=\"https:\/\/www.maplatine.com\/blog\/wp-content\/uploads\/2025\/05\/amplificateur-integre-rega-io-fournisseur-2.jpg\" alt=\"\" class=\"wp-image-13257\" style=\"aspect-ratio:16\/9;object-fit:cover\" srcset=\"https:\/\/www.maplatine.com\/blog\/wp-content\/uploads\/2025\/05\/amplificateur-integre-rega-io-fournisseur-2.jpg 700w, https:\/\/www.maplatine.com\/blog\/wp-content\/uploads\/2025\/05\/amplificateur-integre-rega-io-fournisseur-2-300x171.jpg 300w\" sizes=\"(max-width: 700px) 100vw, 700px\" \/><\/figure>\n\n\n\n<div class=\"wp-block-buttons has-custom-font-size has-small-font-size is-content-justification-center is-layout-flex wp-container-core-buttons-is-layout-4 wp-block-buttons-is-layout-flex\">\n<div class=\"wp-block-button\"><a class=\"wp-block-button__link has-white-color has-text-color has-background has-link-color wp-element-button\" href=\"https:\/\/www.maplatine.com\/fr\/amplificateurs-integres\/4742-amplificateur-integre-rega-io.html\" style=\"background-color:#e62f42\" target=\"_blank\" rel=\"noreferrer noopener\"><strong>Amplificateur IO<\/strong><\/a><\/div>\n<\/div>\n<\/div>\n\n\n\n<div class=\"wp-block-column is-layout-flow wp-block-column-is-layout-flow\">\n<figure class=\"wp-block-image size-large\"><img loading=\"lazy\" decoding=\"async\" width=\"1024\" height=\"683\" src=\"https:\/\/www.maplatine.com\/blog\/wp-content\/uploads\/2025\/05\/PLATINE-VINYLE-MANUELLE-REGA-PLANAR-1-Blk-2-1024x683.jpg\" alt=\"\" class=\"wp-image-13259\" style=\"aspect-ratio:16\/9;object-fit:cover\" srcset=\"https:\/\/www.maplatine.com\/blog\/wp-content\/uploads\/2025\/05\/PLATINE-VINYLE-MANUELLE-REGA-PLANAR-1-Blk-2-1024x683.jpg 1024w, https:\/\/www.maplatine.com\/blog\/wp-content\/uploads\/2025\/05\/PLATINE-VINYLE-MANUELLE-REGA-PLANAR-1-Blk-2-300x200.jpg 300w, https:\/\/www.maplatine.com\/blog\/wp-content\/uploads\/2025\/05\/PLATINE-VINYLE-MANUELLE-REGA-PLANAR-1-Blk-2-768x512.jpg 768w, https:\/\/www.maplatine.com\/blog\/wp-content\/uploads\/2025\/05\/PLATINE-VINYLE-MANUELLE-REGA-PLANAR-1-Blk-2-1536x1024.jpg 1536w, https:\/\/www.maplatine.com\/blog\/wp-content\/uploads\/2025\/05\/PLATINE-VINYLE-MANUELLE-REGA-PLANAR-1-Blk-2-2048x1365.jpg 2048w\" sizes=\"(max-width: 1024px) 100vw, 1024px\" \/><\/figure>\n\n\n\n<div class=\"wp-block-buttons has-custom-font-size has-small-font-size is-content-justification-center is-layout-flex wp-container-core-buttons-is-layout-5 wp-block-buttons-is-layout-flex\">\n<div class=\"wp-block-button\"><a class=\"wp-block-button__link has-white-color has-text-color has-background has-link-color wp-element-button\" href=\"https:\/\/www.maplatine.com\/fr\/platines-vinyles-manuelles\/5350-platine-vinyle-manuelle-pro-ject-debut-iii-om5e-limited.html\" style=\"background-color:#e62f42\" target=\"_blank\" rel=\"noreferrer noopener\"><strong>Platine Planar 1<\/strong><\/a><\/div>\n<\/div>\n<\/div>\n\n\n\n<div class=\"wp-block-column is-layout-flow wp-block-column-is-layout-flow\">\n<figure class=\"wp-block-image size-large\"><img loading=\"lazy\" decoding=\"async\" width=\"1024\" height=\"683\" src=\"https:\/\/www.maplatine.com\/blog\/wp-content\/uploads\/2025\/05\/IMG_4387-1024x683.jpg\" alt=\"\" class=\"wp-image-13261\" style=\"aspect-ratio:16\/9;object-fit:cover\" srcset=\"https:\/\/www.maplatine.com\/blog\/wp-content\/uploads\/2025\/05\/IMG_4387-1024x683.jpg 1024w, https:\/\/www.maplatine.com\/blog\/wp-content\/uploads\/2025\/05\/IMG_4387-300x200.jpg 300w, https:\/\/www.maplatine.com\/blog\/wp-content\/uploads\/2025\/05\/IMG_4387-768x512.jpg 768w, https:\/\/www.maplatine.com\/blog\/wp-content\/uploads\/2025\/05\/IMG_4387-1536x1024.jpg 1536w, https:\/\/www.maplatine.com\/blog\/wp-content\/uploads\/2025\/05\/IMG_4387-2048x1365.jpg 2048w\" sizes=\"(max-width: 1024px) 100vw, 1024px\" \/><\/figure>\n\n\n\n<div class=\"wp-block-buttons has-custom-font-size has-small-font-size is-content-justification-center is-layout-flex wp-container-core-buttons-is-layout-6 wp-block-buttons-is-layout-flex\">\n<div class=\"wp-block-button\"><a class=\"wp-block-button__link has-white-color has-text-color has-background has-link-color wp-element-button\" href=\"https:\/\/www.maplatine.com\/fr\/cables-enceintes-fiches-bananes-et-fourches\/5933-cable-hp-real-cable-prestige-400-.html\" style=\"background-color:#e62f42\" target=\"_blank\" rel=\"noreferrer noopener\"><strong>C\u00e2bles Prestige 400<\/strong><\/a><\/div>\n<\/div>\n<\/div>\n<\/div>\n\n\n\n<div style=\"height:50px\" aria-hidden=\"true\" class=\"wp-block-spacer\"><\/div>\n\n\n\n<h4 class=\"wp-block-heading has-black-color has-text-color has-link-color wp-elements-4cd911bd2aa797fb0a0e395415887f65\"><strong>Pour les <a href=\"https:\/\/www.maplatine.com\/fr\/enceintes-hi-fi\/6033-enceintes-colonne-tesi-5.html\" target=\"_blank\" rel=\"noreferrer noopener\"><mark style=\"background-color:rgba(0, 0, 0, 0);color:#e62f42\" class=\"has-inline-color\">TESI 5<\/mark><\/a><\/strong><\/h4>\n\n\n\n<ul>\n<li>Amplificateur: Mission 778X<\/li>\n\n\n\n<li>Platine vinyle: Rega Planar 2<\/li>\n\n\n\n<li>C\u00e2bles d&rsquo;enceintes: Real Cable ELITE 300<\/li>\n<\/ul>\n\n\n\n<div class=\"wp-block-columns is-layout-flex wp-container-core-columns-is-layout-3 wp-block-columns-is-layout-flex\">\n<div class=\"wp-block-column is-layout-flow wp-block-column-is-layout-flow\">\n<figure class=\"wp-block-image size-full\"><img loading=\"lazy\" decoding=\"async\" width=\"5184\" height=\"2920\" src=\"https:\/\/www.maplatine.com\/blog\/wp-content\/uploads\/2025\/05\/ampli-778x-silver-04.png\" alt=\"\" class=\"wp-image-13267\" style=\"aspect-ratio:16\/9;object-fit:cover\" srcset=\"https:\/\/www.maplatine.com\/blog\/wp-content\/uploads\/2025\/05\/ampli-778x-silver-04.png 5184w, https:\/\/www.maplatine.com\/blog\/wp-content\/uploads\/2025\/05\/ampli-778x-silver-04-300x169.png 300w, https:\/\/www.maplatine.com\/blog\/wp-content\/uploads\/2025\/05\/ampli-778x-silver-04-1024x577.png 1024w, https:\/\/www.maplatine.com\/blog\/wp-content\/uploads\/2025\/05\/ampli-778x-silver-04-768x433.png 768w, https:\/\/www.maplatine.com\/blog\/wp-content\/uploads\/2025\/05\/ampli-778x-silver-04-1536x865.png 1536w, https:\/\/www.maplatine.com\/blog\/wp-content\/uploads\/2025\/05\/ampli-778x-silver-04-2048x1154.png 2048w\" sizes=\"(max-width: 5184px) 100vw, 5184px\" \/><\/figure>\n\n\n\n<div class=\"wp-block-buttons has-custom-font-size has-small-font-size is-content-justification-center is-layout-flex wp-container-core-buttons-is-layout-7 wp-block-buttons-is-layout-flex\">\n<div class=\"wp-block-button\"><a class=\"wp-block-button__link has-white-color has-text-color has-background has-link-color wp-element-button\" href=\"https:\/\/www.maplatine.com\/fr\/amplificateurs-integres\/6039-amplificateur-integre-mission-778x.html\" style=\"background-color:#e62f42\" target=\"_blank\" rel=\"noreferrer noopener\"><strong>Amplificateur 778X<\/strong><\/a><\/div>\n<\/div>\n<\/div>\n\n\n\n<div class=\"wp-block-column is-layout-flow wp-block-column-is-layout-flow\">\n<figure class=\"wp-block-image size-large\"><img loading=\"lazy\" decoding=\"async\" width=\"1024\" height=\"683\" src=\"https:\/\/www.maplatine.com\/blog\/wp-content\/uploads\/2025\/05\/PLATINE-VINYLE-REGA-PLANAR-2-Noir-3-1024x683.jpg\" alt=\"\" class=\"wp-image-13265\" style=\"aspect-ratio:16\/9;object-fit:cover\" srcset=\"https:\/\/www.maplatine.com\/blog\/wp-content\/uploads\/2025\/05\/PLATINE-VINYLE-REGA-PLANAR-2-Noir-3-1024x683.jpg 1024w, https:\/\/www.maplatine.com\/blog\/wp-content\/uploads\/2025\/05\/PLATINE-VINYLE-REGA-PLANAR-2-Noir-3-300x200.jpg 300w, https:\/\/www.maplatine.com\/blog\/wp-content\/uploads\/2025\/05\/PLATINE-VINYLE-REGA-PLANAR-2-Noir-3-768x512.jpg 768w, https:\/\/www.maplatine.com\/blog\/wp-content\/uploads\/2025\/05\/PLATINE-VINYLE-REGA-PLANAR-2-Noir-3-1536x1024.jpg 1536w, https:\/\/www.maplatine.com\/blog\/wp-content\/uploads\/2025\/05\/PLATINE-VINYLE-REGA-PLANAR-2-Noir-3-2048x1365.jpg 2048w\" sizes=\"(max-width: 1024px) 100vw, 1024px\" \/><\/figure>\n\n\n\n<div class=\"wp-block-buttons has-custom-font-size has-small-font-size is-content-justification-center is-layout-flex wp-container-core-buttons-is-layout-8 wp-block-buttons-is-layout-flex\">\n<div class=\"wp-block-button\"><a class=\"wp-block-button__link has-white-color has-text-color has-background has-link-color wp-element-button\" href=\"https:\/\/www.maplatine.com\/fr\/platines-vinyles-manuelles\/5877-platine-rega-planar-2-nd3-black.html\" style=\"background-color:#e62f42\" target=\"_blank\" rel=\"noreferrer noopener\"><strong>Platine Planar 2<\/strong><\/a><\/div>\n<\/div>\n<\/div>\n\n\n\n<div class=\"wp-block-column is-layout-flow wp-block-column-is-layout-flow\">\n<figure class=\"wp-block-image size-full\"><img loading=\"lazy\" decoding=\"async\" width=\"600\" height=\"657\" src=\"https:\/\/www.maplatine.com\/blog\/wp-content\/uploads\/2025\/05\/1-309-600x657-1.jpg\" alt=\"\" class=\"wp-image-13263\" style=\"aspect-ratio:16\/9;object-fit:cover\" srcset=\"https:\/\/www.maplatine.com\/blog\/wp-content\/uploads\/2025\/05\/1-309-600x657-1.jpg 600w, https:\/\/www.maplatine.com\/blog\/wp-content\/uploads\/2025\/05\/1-309-600x657-1-274x300.jpg 274w\" sizes=\"(max-width: 600px) 100vw, 600px\" \/><\/figure>\n\n\n\n<div class=\"wp-block-buttons has-custom-font-size has-small-font-size is-content-justification-center is-layout-flex wp-container-core-buttons-is-layout-9 wp-block-buttons-is-layout-flex\">\n<div class=\"wp-block-button\"><a class=\"wp-block-button__link has-white-color has-text-color has-background has-link-color wp-element-button\" href=\"https:\/\/www.maplatine.com\/fr\/cables-enceintes-fiches-bananes-et-fourches\/5932-cable-hp-real-cable-elite-300-.html\" style=\"background-color:#e62f42\" target=\"_blank\" rel=\"noreferrer noopener\"><strong>C\u00e2bles \u00c9lite 300<\/strong><\/a><\/div>\n<\/div>\n<\/div>\n<\/div>\n\n\n\n<div style=\"height:50px\" aria-hidden=\"true\" class=\"wp-block-spacer\"><\/div>\n\n\n\n<p class=\"has-black-color has-text-color has-link-color wp-elements-661aeb71faee9a27744162747ea18044\"><strong>Pour les <a href=\"https:\/\/www.maplatine.com\/fr\/enceintes-hi-fi\/6034-enceintes-colonne-tesi-6.html\" target=\"_blank\" rel=\"noreferrer noopener\"><mark style=\"background-color:rgba(0, 0, 0, 0);color:#e62f42\" class=\"has-inline-color\">TESI 6<\/mark><\/a><\/strong><\/p>\n\n\n\n<ul>\n<li>Amplificateur: Rotel A12 MKII<\/li>\n\n\n\n<li>Platine vinyle: Rega Planar 3<\/li>\n\n\n\n<li>C\u00e2bles d&rsquo;enceintes: Tellurium QBLUE<\/li>\n<\/ul>\n\n\n\n<div class=\"wp-block-columns is-layout-flex wp-container-core-columns-is-layout-4 wp-block-columns-is-layout-flex\">\n<div class=\"wp-block-column is-layout-flow wp-block-column-is-layout-flow\">\n<figure class=\"wp-block-image size-full\"><img loading=\"lazy\" decoding=\"async\" width=\"2592\" height=\"1728\" src=\"https:\/\/www.maplatine.com\/blog\/wp-content\/uploads\/2025\/05\/IMG_2733.png\" alt=\"\" class=\"wp-image-13269\" style=\"aspect-ratio:16\/9;object-fit:cover\" srcset=\"https:\/\/www.maplatine.com\/blog\/wp-content\/uploads\/2025\/05\/IMG_2733.png 2592w, https:\/\/www.maplatine.com\/blog\/wp-content\/uploads\/2025\/05\/IMG_2733-300x200.png 300w, https:\/\/www.maplatine.com\/blog\/wp-content\/uploads\/2025\/05\/IMG_2733-1024x683.png 1024w, https:\/\/www.maplatine.com\/blog\/wp-content\/uploads\/2025\/05\/IMG_2733-768x512.png 768w, https:\/\/www.maplatine.com\/blog\/wp-content\/uploads\/2025\/05\/IMG_2733-1536x1024.png 1536w, https:\/\/www.maplatine.com\/blog\/wp-content\/uploads\/2025\/05\/IMG_2733-2048x1365.png 2048w\" sizes=\"(max-width: 2592px) 100vw, 2592px\" \/><\/figure>\n\n\n\n<div class=\"wp-block-buttons has-custom-font-size has-small-font-size is-content-justification-center is-layout-flex wp-container-core-buttons-is-layout-10 wp-block-buttons-is-layout-flex\">\n<div class=\"wp-block-button\"><a class=\"wp-block-button__link has-white-color has-text-color has-background has-link-color wp-element-button\" href=\"https:\/\/www.maplatine.com\/fr\/amplificateurs-integres\/3661-amplificateur-integre-rotel-a12-mkii.html\" style=\"background-color:#e62f42\" target=\"_blank\" rel=\"noreferrer noopener\"><strong>Amplificateur A12 MKII<\/strong><\/a><\/div>\n<\/div>\n<\/div>\n\n\n\n<div class=\"wp-block-column is-layout-flow wp-block-column-is-layout-flow\">\n<figure class=\"wp-block-image size-large\"><img loading=\"lazy\" decoding=\"async\" width=\"1024\" height=\"683\" src=\"https:\/\/www.maplatine.com\/blog\/wp-content\/uploads\/2025\/05\/Platine-vinyle-manuelle-Rega-Planar-3-Blk-4-1024x683.jpg\" alt=\"\" class=\"wp-image-13271\" style=\"aspect-ratio:16\/9;object-fit:cover\" srcset=\"https:\/\/www.maplatine.com\/blog\/wp-content\/uploads\/2025\/05\/Platine-vinyle-manuelle-Rega-Planar-3-Blk-4-1024x683.jpg 1024w, https:\/\/www.maplatine.com\/blog\/wp-content\/uploads\/2025\/05\/Platine-vinyle-manuelle-Rega-Planar-3-Blk-4-300x200.jpg 300w, https:\/\/www.maplatine.com\/blog\/wp-content\/uploads\/2025\/05\/Platine-vinyle-manuelle-Rega-Planar-3-Blk-4-768x512.jpg 768w, https:\/\/www.maplatine.com\/blog\/wp-content\/uploads\/2025\/05\/Platine-vinyle-manuelle-Rega-Planar-3-Blk-4-1536x1024.jpg 1536w, https:\/\/www.maplatine.com\/blog\/wp-content\/uploads\/2025\/05\/Platine-vinyle-manuelle-Rega-Planar-3-Blk-4-2048x1365.jpg 2048w\" sizes=\"(max-width: 1024px) 100vw, 1024px\" \/><\/figure>\n\n\n\n<div class=\"wp-block-buttons has-custom-font-size has-small-font-size is-content-justification-center is-layout-flex wp-container-core-buttons-is-layout-11 wp-block-buttons-is-layout-flex\">\n<div class=\"wp-block-button\"><a class=\"wp-block-button__link has-white-color has-text-color has-background has-link-color wp-element-button\" href=\"https:\/\/www.maplatine.com\/fr\/platines-vinyles-manuelles\/1443-platine-vinyle-manuelle-rega-planar-3.html\" style=\"background-color:#e62f42\" target=\"_blank\" rel=\"noreferrer noopener\"><strong>Platine Planar 3<\/strong><\/a><\/div>\n<\/div>\n<\/div>\n\n\n\n<div class=\"wp-block-column is-layout-flow wp-block-column-is-layout-flow\">\n<figure class=\"wp-block-image size-full\"><img loading=\"lazy\" decoding=\"async\" width=\"800\" height=\"800\" src=\"https:\/\/www.maplatine.com\/blog\/wp-content\/uploads\/2025\/05\/cables-haut-parleurs-tellurium-blue-shopping.jpg\" alt=\"\" class=\"wp-image-13273\" style=\"aspect-ratio:16\/9;object-fit:cover\" srcset=\"https:\/\/www.maplatine.com\/blog\/wp-content\/uploads\/2025\/05\/cables-haut-parleurs-tellurium-blue-shopping.jpg 800w, https:\/\/www.maplatine.com\/blog\/wp-content\/uploads\/2025\/05\/cables-haut-parleurs-tellurium-blue-shopping-300x300.jpg 300w, https:\/\/www.maplatine.com\/blog\/wp-content\/uploads\/2025\/05\/cables-haut-parleurs-tellurium-blue-shopping-150x150.jpg 150w, https:\/\/www.maplatine.com\/blog\/wp-content\/uploads\/2025\/05\/cables-haut-parleurs-tellurium-blue-shopping-768x768.jpg 768w, https:\/\/www.maplatine.com\/blog\/wp-content\/uploads\/2025\/05\/cables-haut-parleurs-tellurium-blue-shopping-175x175.jpg 175w\" sizes=\"(max-width: 800px) 100vw, 800px\" \/><\/figure>\n\n\n\n<div class=\"wp-block-buttons has-custom-font-size has-small-font-size is-content-justification-center is-layout-flex wp-container-core-buttons-is-layout-12 wp-block-buttons-is-layout-flex\">\n<div class=\"wp-block-button\"><a class=\"wp-block-button__link has-white-color has-text-color has-background has-link-color wp-element-button\" href=\"https:\/\/www.maplatine.com\/fr\/cables-enceintes-fiches-bananes-et-fourches\/3522-cables-haut-parleurs-tellurium-blue-ii.html\" style=\"background-color:#e62f42\" target=\"_blank\" rel=\"noreferrer noopener\"><strong>C\u00e2bles Q BLUE II<\/strong><\/a><\/div>\n<\/div>\n<\/div>\n<\/div>\n\n\n\n<div style=\"height:50px\" aria-hidden=\"true\" class=\"wp-block-spacer\"><\/div>\n\n\n\n<p>Au-del\u00e0 du choix des composants, l&rsquo;optimisation de votre installation joue un r\u00f4le crucial dans la qualit\u00e9 finale de l&rsquo;\u00e9coute. Voici quelques conseils pratiques pour exploiter pleinement le potentiel de vos enceintes TESI.<\/p>\n\n\n\n<div style=\"height:50px\" aria-hidden=\"true\" class=\"wp-block-spacer\"><\/div>\n\n\n\n<h3 class=\"wp-block-heading has-black-color has-text-color has-link-color wp-elements-6a827e086f235b51add6413291f8a34b\" style=\"text-decoration:underline\"><strong>Comment placer vos enceintes TESI ?<\/strong><\/h3>\n\n\n\n<p>Le positionnement des enceintes dans votre pi\u00e8ce d&rsquo;\u00e9coute influe consid\u00e9rablement sur la qualit\u00e9 sonore. Pour les mod\u00e8les biblioth\u00e8que, privil\u00e9giez des supports d\u00e9di\u00e9s plut\u00f4t que des \u00e9tag\u00e8res, afin d&rsquo;\u00e9viter les r\u00e9sonances parasites. La hauteur id\u00e9ale place le tweeter approximativement au niveau des oreilles en position d&rsquo;\u00e9coute.<\/p>\n\n\n\n<p>Respectez une distance minimale avec le mur arri\u00e8re (15 cm pour les biblioth\u00e8ques, 25-30 cm pour les colonnes) pour \u00e9viter une accentuation artificielle des basses. L&rsquo;\u00e9cartement entre les enceintes d\u00e9termine la largeur de la sc\u00e8ne sonore\u202f; commencez avec une distance \u00e9quivalente \u00e0 celle qui vous s\u00e9pare du point d&rsquo;\u00e9coute, puis ajustez selon vos pr\u00e9f\u00e9rences.<\/p>\n\n\n\n<p>Ne n\u00e9gligez pas l&rsquo;angle de toe-in (orientation vers le point d&rsquo;\u00e9coute) qui peut transformer radicalement l&rsquo;image sonore. Un l\u00e9ger angle (5 \u00e0 15 degr\u00e9s) offre g\u00e9n\u00e9ralement le meilleur compromis entre pr\u00e9cision de l&rsquo;image centrale et largeur de la sc\u00e8ne sonore.<\/p>\n\n\n\n<div style=\"height:50px\" aria-hidden=\"true\" class=\"wp-block-spacer\"><\/div>\n\n\n\n<h3 class=\"wp-block-heading has-black-color has-text-color has-link-color wp-elements-aa754b0a053c9cb649fa6e72c8608636\" style=\"text-decoration:underline\"><strong><strong>Une r\u00e9f\u00e9rence incontournable dans sa cat\u00e9gorie<\/strong><\/strong><\/h3>\n\n\n\n<p>La nouvelle gamme Indiana Line TESI repr\u00e9sente une v\u00e9ritable prouesse dans l&rsquo;univers de la haute-fid\u00e9lit\u00e9 accessible. Rarement des enceintes \u00e0 ce niveau de prix ont offert une telle combinaison de qualit\u00e9s techniques et musicales. Qu&rsquo;il s&rsquo;agisse des compactes <strong><a href=\"https:\/\/www.maplatine.com\/fr\/enceintes-hi-fi\/6031-enceintes-bibliotheque-tesi-2.html\" target=\"_blank\" rel=\"noreferrer noopener\"><mark style=\"background-color:rgba(0, 0, 0, 0);color:#e62f42\" class=\"has-inline-color\">TESI 2<\/mark><\/a><\/strong>, des polyvalentes <strong><a href=\"https:\/\/www.maplatine.com\/fr\/enceintes-hi-fi\/6032-enceintes-bibliotheque-tesi-3.html\" target=\"_blank\" rel=\"noreferrer noopener\"><mark style=\"background-color:rgba(0, 0, 0, 0);color:#e62f42\" class=\"has-inline-color\">TESI 3<\/mark><\/a><\/strong>, des \u00e9l\u00e9gantes colonnes <strong><a href=\"https:\/\/www.maplatine.com\/fr\/enceintes-hi-fi\/6033-enceintes-colonne-tesi-5.html\" target=\"_blank\" rel=\"noreferrer noopener\"><mark style=\"background-color:rgba(0, 0, 0, 0);color:#e62f42\" class=\"has-inline-color\">TESI 5<\/mark><\/a><\/strong> ou des impressionnantes <strong><a href=\"https:\/\/www.maplatine.com\/fr\/enceintes-hi-fi\/6034-enceintes-colonne-tesi-6.html\" target=\"_blank\" rel=\"noreferrer noopener\"><mark style=\"background-color:rgba(0, 0, 0, 0);color:#e62f42\" class=\"has-inline-color\">TESI 6<\/mark><\/a><\/strong>, chaque mod\u00e8le de la gamme d\u00e9livre une performance qui d\u00e9passe largement les attentes l\u00e9gitimes \u00e0 son niveau de prix.<\/p>\n\n\n\n<p>Ce qui distingue v\u00e9ritablement les enceintes TESI, c&rsquo;est leur capacit\u00e9 \u00e0 r\u00e9concilier les qualit\u00e9s objectives (neutralit\u00e9, pr\u00e9cision, d\u00e9finition) avec l&rsquo;\u00e9motion musicale qui constitue l&rsquo;essence m\u00eame de l&rsquo;exp\u00e9rience d&rsquo;\u00e9coute. Trop souvent, les enceintes abordables sacrifient l&rsquo;une au profit de l&rsquo;autre, devenant soit cliniquement pr\u00e9cises, mais sans \u00e2me, soit chaleureuses, mais impr\u00e9cises. Les TESI parviennent remarquablement \u00e0 \u00e9viter ces deux \u00e9cueils, offrant une restitution fid\u00e8le qui pr\u00e9serve toute l&rsquo;\u00e9motion des enregistrements.<\/p>\n\n\n\n<p>Pour les audiophiles passionn\u00e9s, les TESI repr\u00e9sentent une opportunit\u00e9 exceptionnelle d&rsquo;acc\u00e9der \u00e0 une qualit\u00e9 sonore habituellement r\u00e9serv\u00e9e \u00e0 des enceintes bien plus on\u00e9reuses. Leur transparence et leur neutralit\u00e9 permettent de red\u00e9couvrir sa collection musicale sous un nouveau jour, r\u00e9v\u00e9lant des d\u00e9tails et des nuances jusqu&rsquo;alors pass\u00e9s inaper\u00e7us.<\/p>\n\n\n\n<p>Pour les n\u00e9ophytes d\u00e9butant dans l&rsquo;univers de la haute-fid\u00e9lit\u00e9, elles constituent une porte d&rsquo;entr\u00e9e id\u00e9ale vers l&rsquo;\u00e9coute de qualit\u00e9. Leur musicalit\u00e9 imm\u00e9diatement s\u00e9duisante et leur tol\u00e9rance vis-\u00e0-vis de l&rsquo;\u00e9lectronique associ\u00e9e en font des partenaires faciles \u00e0 vivre, qui \u00e9volueront harmonieusement avec le reste du syst\u00e8me au fil des am\u00e9liorations futures.<\/p>\n\n\n\n<p>En d\u00e9finitive, les enceintes Indiana Line TESI incarnent parfaitement ce que devrait \u00eatre la haute-fid\u00e9lit\u00e9 moderne : des instruments de musique accessibles, sans pr\u00e9tention inutile, mais con\u00e7us avec rigueur et passion pour offrir une exp\u00e9rience d&rsquo;\u00e9coute authentique. Elles nous rappellent que l&rsquo;excellence acoustique n&rsquo;est pas n\u00e9cessairement synonyme de prix prohibitifs, mais qu&rsquo;elle r\u00e9sulte avant tout d&rsquo;une conception intelligente et d&rsquo;un savoir-faire \u00e9prouv\u00e9. Une r\u00e9f\u00e9rence incontournable qui m\u00e9rite amplement sa place au c\u0153ur de votre syst\u00e8me HiFi, que vous soyez audiophile averti ou m\u00e9lomane en devenir.<\/p>\n\n\n\n<div style=\"height:100px\" aria-hidden=\"true\" class=\"wp-block-spacer\"><\/div>\n","protected":false},"excerpt":{"rendered":"<p>Plongez dans l&rsquo;univers sonore de la nouvelle gamme Indiana Line TESI. Ces enceintes repr\u00e9sentent l&rsquo;aboutissement d&rsquo;ann\u00e9es de recherche acoustique et offrent une nouvelle exp\u00e9rience d&rsquo;\u00e9coute, tant pour les audiophiles passionn\u00e9s que pour les n\u00e9ophytes en qu\u00eate de leur premier syst\u00e8me HiFi de qualit\u00e9. D\u00e9couvrez comment cette gamme red\u00e9finit les standards de performance dans sa cat\u00e9gorie [&hellip;]<\/p>\n","protected":false},"author":1,"featured_media":13248,"comment_status":"closed","ping_status":"closed","sticky":false,"template":"","format":"standard","meta":{"footnotes":""},"categories":[1],"tags":[],"acf":[],"_links":{"self":[{"href":"https:\/\/www.maplatine.com\/blog\/wp-json\/wp\/v2\/posts\/13247"}],"collection":[{"href":"https:\/\/www.maplatine.com\/blog\/wp-json\/wp\/v2\/posts"}],"about":[{"href":"https:\/\/www.maplatine.com\/blog\/wp-json\/wp\/v2\/types\/post"}],"author":[{"embeddable":true,"href":"https:\/\/www.maplatine.com\/blog\/wp-json\/wp\/v2\/users\/1"}],"replies":[{"embeddable":true,"href":"https:\/\/www.maplatine.com\/blog\/wp-json\/wp\/v2\/comments?post=13247"}],"version-history":[{"count":3,"href":"https:\/\/www.maplatine.com\/blog\/wp-json\/wp\/v2\/posts\/13247\/revisions"}],"predecessor-version":[{"id":13286,"href":"https:\/\/www.maplatine.com\/blog\/wp-json\/wp\/v2\/posts\/13247\/revisions\/13286"}],"wp:featuredmedia":[{"embeddable":true,"href":"https:\/\/www.maplatine.com\/blog\/wp-json\/wp\/v2\/media\/13248"}],"wp:attachment":[{"href":"https:\/\/www.maplatine.com\/blog\/wp-json\/wp\/v2\/media?parent=13247"}],"wp:term":[{"taxonomy":"category","embeddable":true,"href":"https:\/\/www.maplatine.com\/blog\/wp-json\/wp\/v2\/categories?post=13247"},{"taxonomy":"post_tag","embeddable":true,"href":"https:\/\/www.maplatine.com\/blog\/wp-json\/wp\/v2\/tags?post=13247"}],"curies":[{"name":"wp","href":"https:\/\/api.w.org\/{rel}","templated":true}]}}