{"id":12847,"date":"2025-02-27T11:57:52","date_gmt":"2025-02-27T10:57:52","guid":{"rendered":"https:\/\/www.maplatine.com\/blog\/?p=12847"},"modified":"2025-04-04T11:52:48","modified_gmt":"2025-04-04T09:52:48","slug":"planar-3-rs-une-icone-revisitee-pour-les-audiophiles-exigeants","status":"publish","type":"post","link":"https:\/\/www.maplatine.com\/blog\/planar-3-rs-une-icone-revisitee-pour-les-audiophiles-exigeants\/","title":{"rendered":"Planar 3 RS, une ic\u00f4ne revisit\u00e9e pour les audiophiles exigeants"},"content":{"rendered":"\n<p>Dans l\u2019univers de la Hi-Fi, certaines marques marquent l\u2019histoire. Rega en fait partie. Depuis plus de 50 ans, la Planar 3 accompagne les audiophiles en qu\u00eate d\u2019une restitution sonore fid\u00e8le et authentique. Aujourd\u2019hui, la Rega Planar 3 RS propose une nouvelle approche de l\u2019exp\u00e9rience musicale. Plus qu\u2019une simple \u00e9volution, cette version met l\u2019accent sur la qualit\u00e9 d\u2019\u00e9coute. D\u00e9couvrons ensemble cet univers o\u00f9 chaque note prend forme.<\/p>\n\n\n\n<div style=\"height:50px\" aria-hidden=\"true\" class=\"wp-block-spacer\"><\/div>\n\n\n\n<h3 class=\"wp-block-heading has-black-color has-text-color has-link-color wp-elements-94bc188f08c4d49a9ce7853e5681b510\" style=\"text-decoration:underline\"><strong>Planar 3 : Une ic\u00f4ne qui traverse le temps<\/strong><\/h3>\n\n\n\n<p>L\u2019histoire de la <a href=\"https:\/\/www.maplatine.com\/fr\/platines-vinyles-manuelles\/1443-platine-vinyle-manuelle-rega-planar-3.html\" target=\"_blank\" rel=\"noreferrer noopener\"><strong><mark style=\"background-color:rgba(0, 0, 0, 0);color:#e62f42\" class=\"has-inline-color\">Planar 3<\/mark><\/strong><\/a> d\u00e9bute dans les ann\u00e9es 70. D\u00e8s son lancement en 1976, elle se distingue par son socle rigide et son bras de lecture pr\u00e9cis. Au fil des d\u00e9cennies, elle a b\u00e9n\u00e9fici\u00e9 d\u2019am\u00e9liorations constantes pour offrir une meilleure restitution sonore.<\/p>\n\n\n\n<p>Dans les ann\u00e9es 90, l\u2019ajout du bras RB300 marque une avanc\u00e9e : la restitution gagne en pr\u00e9cision. Les audiophiles appr\u00e9cient une profondeur sonore accrue, chaque disque vinyle offrant un acc\u00e8s privil\u00e9gi\u00e9 \u00e0 l\u2019interpr\u00e9tation des artistes.<\/p>\n\n\n\n<p>Avec l\u2019\u00e8re moderne, les mat\u00e9riaux \u00e9voluent, l\u2019isolation se renforce et le moteur est optimis\u00e9. Chaque d\u00e9tail est \u00e9tudi\u00e9 pour une restitution plus fid\u00e8le \u00e0 l\u2019enregistrement original. Aujourd\u2019hui, avec la <a href=\"https:\/\/www.maplatine.com\/fr\/platines-vinyles-manuelles\/5930-platine-rega-p3-rs-edition.html?\" target=\"_blank\" rel=\"noreferrer noopener\"><strong><mark style=\"background-color:rgba(0, 0, 0, 0);color:#e62f42\" class=\"has-inline-color\">Planar 3 RS<\/mark><\/strong><\/a>, Rega poursuit cette qu\u00eate de qualit\u00e9 sonore.<\/p>\n\n\n\n<div style=\"height:50px\" aria-hidden=\"true\" class=\"wp-block-spacer\"><\/div>\n\n\n\n<h3 class=\"wp-block-heading has-black-color has-text-color has-link-color wp-elements-af1a98ad3b769be3ae52359eaaeed75f\" style=\"text-decoration:underline\"><strong>Planar 3 RS : Une alchimie parfaite entre technologie et \u00e9motion<\/strong><\/h3>\n\n\n\n<p>Derri\u00e8re son design \u00e9pur\u00e9, la Planar 3 RS int\u00e8gre plusieurs innovations pour enrichir l\u2019exp\u00e9rience d\u2019\u00e9coute. Chaque composant est con\u00e7u avec soin afin d\u2019am\u00e9liorer la restitution du son analogique.<\/p>\n\n\n\n<ol start=\"1\">\n<li><strong><mark style=\"background-color:rgba(0, 0, 0, 0)\" class=\"has-inline-color has-black-color\">Un ch\u00e2ssis optimis\u00e9 pour r\u00e9duire les r\u00e9sonances<\/mark><\/strong><br>Fabriqu\u00e9 en acrylique haute densit\u00e9, le socle de la Planar 3 RS minimise les vibrations parasites. Ce mat\u00e9riau apporte une stabilit\u00e9 accrue, garantissant une lecture plus fid\u00e8le des vinyles.<\/li>\n<\/ol>\n\n\n\n<ol start=\"2\">\n<li><strong><mark style=\"background-color:rgba(0, 0, 0, 0)\" class=\"has-inline-color has-black-color\">Un bras de lecture RB330 pr\u00e9cis<\/mark><\/strong><br>Le bras RB330 assure une lecture stable et fluide. Sa faible friction et sa construction rigide permettent de suivre le sillon avec pr\u00e9cision, restituant chaque nuance de l\u2019interpr\u00e9tation musicale.<\/li>\n<\/ol>\n\n\n\n<ol start=\"3\">\n<li><strong><mark style=\"background-color:rgba(0, 0, 0, 0)\" class=\"has-inline-color has-black-color\">Une alimentation revue pour une meilleure r\u00e9gularit\u00e9<\/mark><\/strong><br>L\u2019alimentation externe Neo PSU stabilise la vitesse de rotation, r\u00e9duisant les fluctuations. Cela contribue \u00e0 une lecture plus fluide et naturelle, am\u00e9liorant ainsi l\u2019exp\u00e9rience d\u2019\u00e9coute.<\/li>\n<\/ol>\n\n\n\n<div style=\"height:50px\" aria-hidden=\"true\" class=\"wp-block-spacer\"><\/div>\n\n\n\n<h3 class=\"wp-block-heading has-black-color has-text-color has-link-color wp-elements-7d137c6c8807aef3f8e683c28dcc3539\" style=\"text-decoration:underline\"><strong>Sublimer votre exp\u00e9rience musicale<\/strong><\/h3>\n\n\n\n<p>La Rega <a href=\"https:\/\/www.maplatine.com\/fr\/platines-vinyles-manuelles\/5930-platine-rega-p3-rs-edition.html?\" target=\"_blank\" rel=\"noreferrer noopener\"><strong><mark style=\"background-color:rgba(0, 0, 0, 0);color:#e62f42\" class=\"has-inline-color\">Planar 3 RS<\/mark><\/strong><\/a> est livr\u00e9e avec la cellule phono <a href=\"https:\/\/www.maplatine.com\/fr\/cellules-mm\/5828-cellule-mm-rega-nd5.html\" target=\"_blank\" rel=\"noreferrer noopener\"><strong><mark style=\"background-color:rgba(0, 0, 0, 0);color:#e62f42\" class=\"has-inline-color\">Rega Nd5<\/mark><\/strong><\/a> qui permet une utilisation imm\u00e9diate. Toutefois, pour tirer pleinement parti de ses capacit\u00e9s, il est conseill\u00e9 de l\u2019associer \u00e0 des \u00e9l\u00e9ments Hi-Fi de qualit\u00e9.<\/p>\n\n\n\n<p>Un pr\u00e9amplificateur phono performant est essentiel pour exploiter tout le potentiel de la platine. Le <a href=\"https:\/\/www.maplatine.com\/fr\/preamplificateurs-phono\/5500-preamplificateur-phono-gold-note-ph-5.html\" target=\"_blank\" rel=\"noreferrer noopener\"><strong><mark style=\"background-color:rgba(0, 0, 0, 0);color:#e62f42\" class=\"has-inline-color\">Gold Note PH-5<\/mark><\/strong><\/a> et l\u2019<a href=\"https:\/\/www.maplatine.com\/fr\/preamplificateurs-phono\/4278-preamplificateur-phono-aurorasound-vida-prima.html\" target=\"_blank\" rel=\"noreferrer noopener\"><strong><mark style=\"background-color:rgba(0, 0, 0, 0);color:#e62f42\" class=\"has-inline-color\">Aurorasound Vida Prima<\/mark><\/strong><\/a> sont de bonnes options, offrant une amplification fid\u00e8le du signal.<\/p>\n\n\n\n<div style=\"height:50px\" aria-hidden=\"true\" class=\"wp-block-spacer\"><\/div>\n\n\n\n<div class=\"wp-block-columns is-layout-flex wp-container-core-columns-is-layout-1 wp-block-columns-is-layout-flex\">\n<div class=\"wp-block-column is-layout-flow wp-block-column-is-layout-flow\">\n<figure class=\"wp-block-image size-large noborder\"><img loading=\"lazy\" decoding=\"async\" width=\"1024\" height=\"683\" src=\"https:\/\/www.maplatine.com\/blog\/wp-content\/uploads\/2025\/02\/platine_P3_RS-13-1024x683.png\" alt=\"\" class=\"wp-image-12854\" style=\"aspect-ratio:16\/9;object-fit:cover\" srcset=\"https:\/\/www.maplatine.com\/blog\/wp-content\/uploads\/2025\/02\/platine_P3_RS-13-1024x683.png 1024w, https:\/\/www.maplatine.com\/blog\/wp-content\/uploads\/2025\/02\/platine_P3_RS-13-300x200.png 300w, https:\/\/www.maplatine.com\/blog\/wp-content\/uploads\/2025\/02\/platine_P3_RS-13-768x512.png 768w, https:\/\/www.maplatine.com\/blog\/wp-content\/uploads\/2025\/02\/platine_P3_RS-13-1536x1025.png 1536w, https:\/\/www.maplatine.com\/blog\/wp-content\/uploads\/2025\/02\/platine_P3_RS-13-2048x1367.png 2048w\" sizes=\"(max-width: 1024px) 100vw, 1024px\" \/><\/figure>\n\n\n\n<div class=\"wp-block-buttons has-custom-font-size has-small-font-size is-content-justification-center is-layout-flex wp-container-core-buttons-is-layout-1 wp-block-buttons-is-layout-flex\">\n<div class=\"wp-block-button\"><a class=\"wp-block-button__link has-white-color has-text-color has-background has-link-color wp-element-button\" href=\"https:\/\/www.maplatine.com\/fr\/cellules-mm\/5828-cellule-mm-rega-nd5.html\" style=\"background-color:#e62f42\" target=\"_blank\" rel=\"noreferrer noopener\"><strong>Cellule Nd5<\/strong><\/a><\/div>\n<\/div>\n<\/div>\n\n\n\n<div class=\"wp-block-column is-layout-flow wp-block-column-is-layout-flow\">\n<figure class=\"wp-block-image size-large noborder\"><img loading=\"lazy\" decoding=\"async\" width=\"1024\" height=\"1024\" src=\"https:\/\/www.maplatine.com\/blog\/wp-content\/uploads\/2025\/02\/Preamplificateur-phono-Aurorasound-Vida-Prima-2.jpg-1024x1024.png\" alt=\"\" class=\"wp-image-12856\" style=\"aspect-ratio:16\/9;object-fit:cover\" srcset=\"https:\/\/www.maplatine.com\/blog\/wp-content\/uploads\/2025\/02\/Preamplificateur-phono-Aurorasound-Vida-Prima-2.jpg-1024x1024.png 1024w, https:\/\/www.maplatine.com\/blog\/wp-content\/uploads\/2025\/02\/Preamplificateur-phono-Aurorasound-Vida-Prima-2.jpg-300x300.png 300w, https:\/\/www.maplatine.com\/blog\/wp-content\/uploads\/2025\/02\/Preamplificateur-phono-Aurorasound-Vida-Prima-2.jpg-150x150.png 150w, https:\/\/www.maplatine.com\/blog\/wp-content\/uploads\/2025\/02\/Preamplificateur-phono-Aurorasound-Vida-Prima-2.jpg-768x768.png 768w, https:\/\/www.maplatine.com\/blog\/wp-content\/uploads\/2025\/02\/Preamplificateur-phono-Aurorasound-Vida-Prima-2.jpg-1536x1536.png 1536w, https:\/\/www.maplatine.com\/blog\/wp-content\/uploads\/2025\/02\/Preamplificateur-phono-Aurorasound-Vida-Prima-2.jpg-2048x2048.png 2048w, https:\/\/www.maplatine.com\/blog\/wp-content\/uploads\/2025\/02\/Preamplificateur-phono-Aurorasound-Vida-Prima-2.jpg-175x175.png 175w\" sizes=\"(max-width: 1024px) 100vw, 1024px\" \/><\/figure>\n\n\n\n<div class=\"wp-block-buttons has-custom-font-size has-small-font-size is-content-justification-center is-layout-flex wp-container-core-buttons-is-layout-2 wp-block-buttons-is-layout-flex\">\n<div class=\"wp-block-button\"><a class=\"wp-block-button__link has-white-color has-text-color has-background has-link-color wp-element-button\" href=\"https:\/\/www.maplatine.com\/fr\/preamplificateurs-phono\/4278-preamplificateur-phono-aurorasound-vida-prima.html\" style=\"background-color:#e62f42\" target=\"_blank\" rel=\"noreferrer noopener\"><strong>Pr\u00e9amplificateur Vida Prima<\/strong><\/a><\/div>\n<\/div>\n<\/div>\n\n\n\n<div class=\"wp-block-column is-layout-flow wp-block-column-is-layout-flow\">\n<figure class=\"wp-block-image size-large noborder\"><img loading=\"lazy\" decoding=\"async\" width=\"1024\" height=\"683\" src=\"https:\/\/www.maplatine.com\/blog\/wp-content\/uploads\/2025\/02\/Preamplificateur-phono-Gold-Note-PH-5-2-1024x683.png\" alt=\"\" class=\"wp-image-12858\" style=\"aspect-ratio:16\/9;object-fit:cover\" srcset=\"https:\/\/www.maplatine.com\/blog\/wp-content\/uploads\/2025\/02\/Preamplificateur-phono-Gold-Note-PH-5-2-1024x683.png 1024w, https:\/\/www.maplatine.com\/blog\/wp-content\/uploads\/2025\/02\/Preamplificateur-phono-Gold-Note-PH-5-2-300x200.png 300w, https:\/\/www.maplatine.com\/blog\/wp-content\/uploads\/2025\/02\/Preamplificateur-phono-Gold-Note-PH-5-2-768x512.png 768w, https:\/\/www.maplatine.com\/blog\/wp-content\/uploads\/2025\/02\/Preamplificateur-phono-Gold-Note-PH-5-2-1536x1024.png 1536w, https:\/\/www.maplatine.com\/blog\/wp-content\/uploads\/2025\/02\/Preamplificateur-phono-Gold-Note-PH-5-2-2048x1365.png 2048w\" sizes=\"(max-width: 1024px) 100vw, 1024px\" \/><\/figure>\n\n\n\n<div class=\"wp-block-buttons has-custom-font-size has-small-font-size is-content-justification-center is-layout-flex wp-container-core-buttons-is-layout-3 wp-block-buttons-is-layout-flex\">\n<div class=\"wp-block-button\"><a class=\"wp-block-button__link has-white-color has-text-color has-background has-link-color wp-element-button\" href=\"https:\/\/www.maplatine.com\/fr\/preamplificateurs-phono\/5500-preamplificateur-phono-gold-note-ph-5.html\" style=\"background-color:#e62f42\" target=\"_blank\" rel=\"noreferrer noopener\"><strong>Pr\u00e9amplificateur PH-5<\/strong><\/a><\/div>\n<\/div>\n<\/div>\n<\/div>\n\n\n\n<div style=\"height:50px\" aria-hidden=\"true\" class=\"wp-block-spacer\"><\/div>\n\n\n\n<p>L\u2019association avec un amplificateur adapt\u00e9 est \u00e9galement importante. Le Rega <a href=\"https:\/\/www.maplatine.com\/fr\/amplificateurs-integres\/3421-amplificateur-integre-rega-elicit-mk5.html\" target=\"_blank\" rel=\"noreferrer noopener\"><strong><mark style=\"background-color:rgba(0, 0, 0, 0);color:#e62f42\" class=\"has-inline-color\">Elicit MK5<\/mark><\/strong><\/a> fonctionne bien avec la <a href=\"https:\/\/www.maplatine.com\/fr\/platines-vinyles-manuelles\/5930-platine-rega-p3-rs-edition.html?\" target=\"_blank\" rel=\"noreferrer noopener\"><strong><mark style=\"background-color:rgba(0, 0, 0, 0);color:#e62f42\" class=\"has-inline-color\">Planar 3 RS<\/mark><\/strong><\/a>, proposant une restitution sonore \u00e9quilibr\u00e9e.<\/p>\n\n\n\n<p>Enfin, pour une coh\u00e9rence optimale et une sc\u00e8ne sonore immersive, les enceintes <a href=\"https:\/\/www.maplatine.com\/fr\/enceintes-hi-fi\/5563-enceintes-colonnes-rega-aya.html\" target=\"_blank\" rel=\"noreferrer noopener\"><strong><mark style=\"background-color:rgba(0, 0, 0, 0);color:#e62f42\" class=\"has-inline-color\">Rega Aya<\/mark><\/strong><\/a> sont recommand\u00e9es. Con\u00e7ues pour compl\u00e9ter les \u00e9lectroniques Rega, elles offrent une restitution sonore d\u00e9taill\u00e9e et chaleureuse.<\/p>\n\n\n\n<div style=\"height:50px\" aria-hidden=\"true\" class=\"wp-block-spacer\"><\/div>\n\n\n\n<div class=\"wp-block-columns is-layout-flex wp-container-core-columns-is-layout-2 wp-block-columns-is-layout-flex\">\n<div class=\"wp-block-column is-layout-flow wp-block-column-is-layout-flow\">\n<figure class=\"wp-block-image size-large noborder\"><img loading=\"lazy\" decoding=\"async\" width=\"1024\" height=\"576\" src=\"https:\/\/www.maplatine.com\/blog\/wp-content\/uploads\/2025\/02\/AYA_pair_angled_with_grille-1024x576.png\" alt=\"\" class=\"wp-image-12848\" style=\"aspect-ratio:16\/9;object-fit:cover\" srcset=\"https:\/\/www.maplatine.com\/blog\/wp-content\/uploads\/2025\/02\/AYA_pair_angled_with_grille-1024x576.png 1024w, https:\/\/www.maplatine.com\/blog\/wp-content\/uploads\/2025\/02\/AYA_pair_angled_with_grille-300x169.png 300w, https:\/\/www.maplatine.com\/blog\/wp-content\/uploads\/2025\/02\/AYA_pair_angled_with_grille-768x432.png 768w, https:\/\/www.maplatine.com\/blog\/wp-content\/uploads\/2025\/02\/AYA_pair_angled_with_grille-1536x864.png 1536w, https:\/\/www.maplatine.com\/blog\/wp-content\/uploads\/2025\/02\/AYA_pair_angled_with_grille-2048x1152.png 2048w\" sizes=\"(max-width: 1024px) 100vw, 1024px\" \/><\/figure>\n\n\n\n<div class=\"wp-block-buttons has-custom-font-size has-small-font-size is-content-justification-center is-layout-flex wp-container-core-buttons-is-layout-4 wp-block-buttons-is-layout-flex\">\n<div class=\"wp-block-button\"><a class=\"wp-block-button__link has-white-color has-text-color has-background has-link-color wp-element-button\" href=\"https:\/\/www.maplatine.com\/fr\/enceintes-hi-fi\/5563-enceintes-colonnes-rega-aya.html\" style=\"background-color:#e62f42\" target=\"_blank\" rel=\"noreferrer noopener\"><strong>Enceintes AYA<\/strong><\/a><\/div>\n<\/div>\n<\/div>\n\n\n\n<div class=\"wp-block-column is-layout-flow wp-block-column-is-layout-flow\">\n<figure class=\"wp-block-image size-full noborder\"><img loading=\"lazy\" decoding=\"async\" width=\"800\" height=\"494\" src=\"https:\/\/www.maplatine.com\/blog\/wp-content\/uploads\/2025\/02\/Elicit_Mk5_fournisseur2.jpeg\" alt=\"\" class=\"wp-image-12850\" style=\"aspect-ratio:16\/9;object-fit:cover\" srcset=\"https:\/\/www.maplatine.com\/blog\/wp-content\/uploads\/2025\/02\/Elicit_Mk5_fournisseur2.jpeg 800w, https:\/\/www.maplatine.com\/blog\/wp-content\/uploads\/2025\/02\/Elicit_Mk5_fournisseur2-300x185.jpeg 300w, https:\/\/www.maplatine.com\/blog\/wp-content\/uploads\/2025\/02\/Elicit_Mk5_fournisseur2-768x474.jpeg 768w\" sizes=\"(max-width: 800px) 100vw, 800px\" \/><\/figure>\n\n\n\n<div class=\"wp-block-buttons has-custom-font-size has-small-font-size is-content-justification-center is-layout-flex wp-container-core-buttons-is-layout-5 wp-block-buttons-is-layout-flex\">\n<div class=\"wp-block-button\"><a class=\"wp-block-button__link has-white-color has-text-color has-background has-link-color wp-element-button\" href=\"https:\/\/www.maplatine.com\/fr\/amplificateurs-integres\/3421-amplificateur-integre-rega-elicit-mk5.html\" style=\"background-color:#e62f42\" target=\"_blank\" rel=\"noreferrer noopener\"><strong>Amplificateur Elicit MK5<\/strong><\/a><\/div>\n<\/div>\n<\/div>\n\n\n\n<div class=\"wp-block-column is-layout-flow wp-block-column-is-layout-flow\">\n<figure class=\"wp-block-image size-large noborder\"><img loading=\"lazy\" decoding=\"async\" width=\"1024\" height=\"683\" src=\"https:\/\/www.maplatine.com\/blog\/wp-content\/uploads\/2025\/02\/platine_P3_RS-07-1024x683.png\" alt=\"\" class=\"wp-image-12852\" style=\"aspect-ratio:16\/9;object-fit:cover\" srcset=\"https:\/\/www.maplatine.com\/blog\/wp-content\/uploads\/2025\/02\/platine_P3_RS-07-1024x683.png 1024w, https:\/\/www.maplatine.com\/blog\/wp-content\/uploads\/2025\/02\/platine_P3_RS-07-300x200.png 300w, https:\/\/www.maplatine.com\/blog\/wp-content\/uploads\/2025\/02\/platine_P3_RS-07-768x512.png 768w, https:\/\/www.maplatine.com\/blog\/wp-content\/uploads\/2025\/02\/platine_P3_RS-07-1536x1025.png 1536w, https:\/\/www.maplatine.com\/blog\/wp-content\/uploads\/2025\/02\/platine_P3_RS-07-2048x1367.png 2048w\" sizes=\"(max-width: 1024px) 100vw, 1024px\" \/><\/figure>\n\n\n\n<div class=\"wp-block-buttons has-custom-font-size has-small-font-size is-content-justification-center is-layout-flex wp-container-core-buttons-is-layout-6 wp-block-buttons-is-layout-flex\">\n<div class=\"wp-block-button\"><a class=\"wp-block-button__link has-white-color has-text-color has-background has-link-color wp-element-button\" href=\"https:\/\/www.maplatine.com\/fr\/platines-vinyles-manuelles\/5930-platine-rega-p3-rs-edition.html?\" style=\"background-color:#e62f42\" target=\"_blank\" rel=\"noreferrer noopener\"><strong>Platine P3 RS<\/strong><\/a><\/div>\n<\/div>\n<\/div>\n<\/div>\n\n\n\n<div style=\"height:50px\" aria-hidden=\"true\" class=\"wp-block-spacer\"><\/div>\n\n\n\n<h3 class=\"wp-block-heading has-black-color has-text-color has-link-color wp-elements-8b88caa590da4a82eda5c7b0314c253f\" style=\"text-decoration:underline\"><strong>La Planar 3 RS : Une invitation au voyage musical<\/strong><\/h3>\n\n\n\n<p>La musique est plus qu\u2019un simple son : elle est une \u00e9motion, un frisson, un moment suspendu dans le temps. Avec la  <a href=\"https:\/\/www.maplatine.com\/fr\/platines-vinyles-manuelles\/5930-platine-rega-p3-rs-edition.html?\" target=\"_blank\" rel=\"noreferrer noopener\"><strong><mark style=\"background-color:rgba(0, 0, 0, 0);color:#e62f42\" class=\"has-inline-color\">Planar 3 RS<\/mark><\/strong><\/a>, Rega ne propose pas simplement une platine, mais une v\u00e9ritable machine \u00e0 voyager au c\u0153ur des enregistrements.<\/p>\n\n\n\n<p>Chaque disque devient une red\u00e9couverte, chaque note vibre d\u2019une intensit\u00e9 nouvelle. Si vous cherchez l\u2019exp\u00e9rience ultime du vinyle, une connexion intime avec la musique, alors la  <a href=\"https:\/\/www.maplatine.com\/fr\/platines-vinyles-manuelles\/5930-platine-rega-p3-rs-edition.html?\" target=\"_blank\" rel=\"noreferrer noopener\"><strong><mark style=\"background-color:rgba(0, 0, 0, 0);color:#e62f42\" class=\"has-inline-color\">Planar 3 RS<\/mark><\/strong><\/a> est faite pour vous.<\/p>\n\n\n\n<p>Fermez les yeux, posez le diamant sur le sillon\u2026 et laissez-vous emporter.<\/p>\n\n\n\n<div style=\"height:100px\" aria-hidden=\"true\" class=\"wp-block-spacer\"><\/div>\n","protected":false},"excerpt":{"rendered":"<p>Dans l\u2019univers de la Hi-Fi, certaines marques marquent l\u2019histoire. Rega en fait partie. Depuis plus de 50 ans, la Planar 3 accompagne les audiophiles en qu\u00eate d\u2019une restitution sonore fid\u00e8le et authentique. Aujourd\u2019hui, la Rega Planar 3 RS propose une nouvelle approche de l\u2019exp\u00e9rience musicale. Plus qu\u2019une simple \u00e9volution, cette version met l\u2019accent sur la [&hellip;]<\/p>\n","protected":false},"author":1,"featured_media":12860,"comment_status":"closed","ping_status":"closed","sticky":false,"template":"","format":"standard","meta":{"footnotes":""},"categories":[1],"tags":[],"acf":[],"_links":{"self":[{"href":"https:\/\/www.maplatine.com\/blog\/wp-json\/wp\/v2\/posts\/12847"}],"collection":[{"href":"https:\/\/www.maplatine.com\/blog\/wp-json\/wp\/v2\/posts"}],"about":[{"href":"https:\/\/www.maplatine.com\/blog\/wp-json\/wp\/v2\/types\/post"}],"author":[{"embeddable":true,"href":"https:\/\/www.maplatine.com\/blog\/wp-json\/wp\/v2\/users\/1"}],"replies":[{"embeddable":true,"href":"https:\/\/www.maplatine.com\/blog\/wp-json\/wp\/v2\/comments?post=12847"}],"version-history":[{"count":5,"href":"https:\/\/www.maplatine.com\/blog\/wp-json\/wp\/v2\/posts\/12847\/revisions"}],"predecessor-version":[{"id":13087,"href":"https:\/\/www.maplatine.com\/blog\/wp-json\/wp\/v2\/posts\/12847\/revisions\/13087"}],"wp:featuredmedia":[{"embeddable":true,"href":"https:\/\/www.maplatine.com\/blog\/wp-json\/wp\/v2\/media\/12860"}],"wp:attachment":[{"href":"https:\/\/www.maplatine.com\/blog\/wp-json\/wp\/v2\/media?parent=12847"}],"wp:term":[{"taxonomy":"category","embeddable":true,"href":"https:\/\/www.maplatine.com\/blog\/wp-json\/wp\/v2\/categories?post=12847"},{"taxonomy":"post_tag","embeddable":true,"href":"https:\/\/www.maplatine.com\/blog\/wp-json\/wp\/v2\/tags?post=12847"}],"curies":[{"name":"wp","href":"https:\/\/api.w.org\/{rel}","templated":true}]}}